{"id":7642,"date":"2021-05-30T11:35:12","date_gmt":"2021-05-30T09:35:12","guid":{"rendered":"http:\/\/countermelodypodcast.com\/?p=7642"},"modified":"2024-02-16T10:50:00","modified_gmt":"2024-02-16T09:50:00","slug":"episode-91-unforgotten-in-memoriam-ii","status":"publish","type":"post","link":"https:\/\/countermelodypodcast.com\/index.php\/2021\/05\/30\/episode-91-unforgotten-in-memoriam-ii\/","title":{"rendered":"Episode 91. Unforgotten (In Memoriam II)"},"content":{"rendered":"<div id=\"mega-menu-wrap-primary\" class=\"mega-menu-wrap\"><div class=\"mega-menu-toggle\"><div class=\"mega-toggle-blocks-left\"><\/div><div class=\"mega-toggle-blocks-center\"><\/div><div class=\"mega-toggle-blocks-right\"><div class='mega-toggle-block mega-menu-toggle-animated-block mega-toggle-block-1' id='mega-toggle-block-1'><button aria-controls=\"mega-menu-primary\" aria-expanded=\"false\" aria-haspopup=\"true\" aria-label=\"Menu\" class=\"mega-toggle-animated mega-toggle-animated-slider\" type=\"button\">\n                  <span class=\"mega-toggle-animated-box\">\n                    <span class=\"mega-toggle-animated-inner\"><\/span>\n                  <\/span>\n                <\/button><\/div><\/div><\/div><ul id=\"mega-menu-primary\" class=\"mega-menu max-mega-menu mega-menu-horizontal mega-no-js\" data-event=\"hover_intent\" data-effect=\"slide\" data-effect-speed=\"200\" data-effect-mobile=\"slide\" data-effect-speed-mobile=\"200\" data-mobile-force-width=\"body\" data-second-click=\"go\" data-document-click=\"collapse\" data-vertical-behaviour=\"standard\" data-breakpoint=\"600\" data-unbind=\"true\" data-mobile-state=\"collapse_all\" data-mobile-direction=\"vertical\"><li class=\"mega-menu-item mega-menu-item-type-post_type mega-menu-item-object-page mega-menu-item-home mega-align-bottom-left mega-menu-flyout mega-menu-item-19160\" id=\"mega-menu-item-19160\"><a class=\"mega-menu-link\" href=\"https:\/\/countermelodypodcast.com\/\">Home<\/a><\/li><li class=\"mega-menu-item mega-menu-item-type-post_type mega-menu-item-object-page mega-align-bottom-left mega-menu-flyout mega-menu-item-19161\" id=\"mega-menu-item-19161\"><a class=\"mega-menu-link\" href=\"https:\/\/countermelodypodcast.com\/index.php\/about-daniel\/\">About Daniel<\/a><\/li><li class=\"mega-menu-item mega-menu-item-type-post_type mega-menu-item-object-page mega-current_page_parent mega-align-bottom-left mega-menu-flyout mega-menu-item-19171\" id=\"mega-menu-item-19171\"><a class=\"mega-menu-link\" href=\"https:\/\/countermelodypodcast.com\/index.php\/all-episodes\/\">All Episodes<\/a><\/li><\/ul><\/div>\n\n\n\n<h2 class=\"wp-block-heading\">Episode 91.  Unforgotten (In Memoriam II)<\/h2>\n\n\n\n<iframe loading=\"lazy\" width=\"340\" height=\"50\" src=\"https:\/\/countermelody.blubrry.net\/?powerpress_embed=345-podcast&amp;powerpress_player=mediaelement-audio\" frameborder=\"0\" scrolling=\"no\"><\/iframe>\n\n\n\n<div class=\"wp-block-columns is-layout-flex wp-container-core-columns-is-layout-9d6595d7 wp-block-columns-is-layout-flex\">\n<div class=\"wp-block-column is-layout-flow wp-block-column-is-layout-flow\">\n<p><strong>SOCIAL SHARE<\/strong><\/p>\n<\/div>\n\n\n\n<div class=\"wp-block-column is-layout-flow wp-block-column-is-layout-flow\">\n<p class=\"has-text-align-right\"><strong>SUBSCRIPTION PLATFORM<\/strong><\/p>\n<\/div>\n<\/div>\n\n\n\n<div class=\"wp-block-columns is-layout-flex wp-container-core-columns-is-layout-9d6595d7 wp-block-columns-is-layout-flex\">\n<div class=\"wp-block-column is-layout-flow wp-block-column-is-layout-flow\"><\/div>\n\n\n\n<div class=\"wp-block-column is-layout-flow wp-block-column-is-layout-flow\">\n<div class=\"wp-block-buttons is-content-justification-left is-layout-flex wp-block-buttons-is-layout-flex\">\n<div class=\"wp-block-button alignright\"><a class=\"wp-block-button__link no-border-radius\" href=\"https:\/\/countermelody.blubrry.net\/\">SUBSCRIBE VIA YOUR FAVORITE PODCAST PLATFORM<\/a><\/div>\n<\/div>\n<\/div>\n<\/div>\n\n\n\n<div style=\"height:100px\" aria-hidden=\"true\" class=\"wp-block-spacer\"><\/div>\n\n\n\n<div style=\"height:38px\" aria-hidden=\"true\" class=\"wp-block-spacer\"><\/div>\n\n\n\n<p>We continue our memorial tributes this week with the second of (at least) three episodes commemorating the recent deaths of singers and musicians who have helped make our existence a little more manageable, our world a bit more beautiful. From Milva to Rudolf Kelterborn, from Yevgeny Nesterenko to Mary Wilson, from Jane Manning to Antoine Hodge, may they all rest in peace and power. Above all, this episode is dedicated to George Floyd on the first anniversary of his murder.<\/p>\n\n\n\n<div class=\"wp-block-image\"><figure class=\"aligncenter size-large\"><img loading=\"lazy\" decoding=\"async\" width=\"678\" height=\"381\" src=\"https:\/\/countermelodypodcast.com\/wp-content\/uploads\/2021\/05\/George-Floyd-in-Palestine.jpg\" alt=\"\" class=\"wp-image-7663\" srcset=\"https:\/\/countermelodypodcast.com\/wp-content\/uploads\/2021\/05\/George-Floyd-in-Palestine.jpg 678w, https:\/\/countermelodypodcast.com\/wp-content\/uploads\/2021\/05\/George-Floyd-in-Palestine-300x169.jpg 300w\" sizes=\"auto, (max-width: 678px) 100vw, 678px\" \/><figcaption>A mural by Palestinian artist Walid Ayyoub.on the Annexation Wall in the West Bank<\/figcaption><\/figure><\/div>\n\n\n\n<div style=\"height:20px\" aria-hidden=\"true\" class=\"wp-block-spacer\"><\/div>\n\n\n\n<p>The two Countermelody episodes from a year ago devoted to music of protest and emancipation:<\/p>\n\n\n\n<p><a href=\"www.countermelodypodcast.com\/episode-37-no-more-slavery-chains\">www.countermelodypodcast.com\/episode-37-no-more-slavery-chains<\/a><\/p>\n\n\n\n<p><a href=\"www.countermelodypodcast.com\/episode-38-something-in-the-air\">www.countermelodypodcast.com\/episode-38-something-in-the-air<\/a><\/p>\n\n\n\n<div class=\"wp-block-image\"><figure class=\"aligncenter size-large\"><img loading=\"lazy\" decoding=\"async\" width=\"1024\" height=\"575\" src=\"https:\/\/countermelodypodcast.com\/wp-content\/uploads\/2021\/05\/Milva-1024x575.png\" alt=\"\" class=\"wp-image-7596\" srcset=\"https:\/\/countermelodypodcast.com\/wp-content\/uploads\/2021\/05\/Milva-1024x575.png 1024w, https:\/\/countermelodypodcast.com\/wp-content\/uploads\/2021\/05\/Milva-300x168.png 300w, https:\/\/countermelodypodcast.com\/wp-content\/uploads\/2021\/05\/Milva-768x431.png 768w, https:\/\/countermelodypodcast.com\/wp-content\/uploads\/2021\/05\/Milva.png 1103w\" sizes=\"auto, (max-width: 1024px) 100vw, 1024px\" \/><figcaption>Maria Ilva Biolcati [Milva] (17 July 1939 &#8211; 23 April 2021)<\/figcaption><\/figure><\/div>\n\n\n\n<div style=\"height:101px\" aria-hidden=\"true\" class=\"wp-block-spacer\"><\/div>\n\n\n\n<p class=\"has-custom-size\" style=\"font-size:30px\"><strong> RECORDINGS HEARD IN THIS EPISODE<\/strong><\/p>\n\n\n\n<div class=\"wp-block-image\"><figure class=\"aligncenter size-large\"><img loading=\"lazy\" decoding=\"async\" width=\"610\" height=\"416\" src=\"https:\/\/countermelodypodcast.com\/wp-content\/uploads\/2021\/05\/Dylan-and-Odetta.jpg\" alt=\"\" class=\"wp-image-7651\" srcset=\"https:\/\/countermelodypodcast.com\/wp-content\/uploads\/2021\/05\/Dylan-and-Odetta.jpg 610w, https:\/\/countermelodypodcast.com\/wp-content\/uploads\/2021\/05\/Dylan-and-Odetta-300x205.jpg 300w\" sizes=\"auto, (max-width: 610px) 100vw, 610px\" \/><figcaption>Bob Dylan (born 24 May 1941) and Odetta (31 December 1930 &#8211; 02 December 2008)<\/figcaption><\/figure><\/div>\n\n\n\n<div style=\"height:11px\" aria-hidden=\"true\" class=\"wp-block-spacer\"><\/div>\n\n\n\n<p>Bob Dylan: Blowin\u2019 in the Wind. Odetta [1965]<\/p>\n\n\n\n<div style=\"height:100px\" aria-hidden=\"true\" class=\"wp-block-spacer\"><\/div>\n\n\n\n<div class=\"wp-block-image\"><figure class=\"aligncenter size-large\"><img loading=\"lazy\" decoding=\"async\" width=\"398\" height=\"589\" src=\"https:\/\/countermelodypodcast.com\/wp-content\/uploads\/2021\/05\/Maria-Kouba.png\" alt=\"\" class=\"wp-image-7652\" srcset=\"https:\/\/countermelodypodcast.com\/wp-content\/uploads\/2021\/05\/Maria-Kouba.png 398w, https:\/\/countermelodypodcast.com\/wp-content\/uploads\/2021\/05\/Maria-Kouba-203x300.png 203w\" sizes=\"auto, (max-width: 398px) 100vw, 398px\" \/><figcaption>Maria Kouba (02 February 1922 &#8211; 15 May 2021)<\/figcaption><\/figure><\/div>\n\n\n\n<div style=\"height:11px\" aria-hidden=\"true\" class=\"wp-block-spacer\"><\/div>\n\n\n\n<p>Johann Strauss II, Ignaz Schnitzer after M\u00f3r J\u00f3kai: O habet acht (<em>Der Zigeunerbaron<\/em>). Maria Kouba &nbsp;[from German television series <em>Zum blauen Bock<\/em>, first broadcast 21 May 1967]<\/p>\n\n\n\n<div class=\"wp-block-image\"><figure class=\"aligncenter size-large\"><img loading=\"lazy\" decoding=\"async\" width=\"442\" height=\"604\" src=\"https:\/\/countermelodypodcast.com\/wp-content\/uploads\/2021\/05\/Kouba-at-99.png\" alt=\"\" class=\"wp-image-7655\" srcset=\"https:\/\/countermelodypodcast.com\/wp-content\/uploads\/2021\/05\/Kouba-at-99.png 442w, https:\/\/countermelodypodcast.com\/wp-content\/uploads\/2021\/05\/Kouba-at-99-220x300.png 220w\" sizes=\"auto, (max-width: 442px) 100vw, 442px\" \/><figcaption>Maria Kouba on her 99th birthday in February<\/figcaption><\/figure><\/div>\n\n\n\n<div style=\"height:100px\" aria-hidden=\"true\" class=\"wp-block-spacer\"><\/div>\n\n\n\n<div class=\"wp-block-image\"><figure class=\"aligncenter size-large\"><img loading=\"lazy\" decoding=\"async\" width=\"706\" height=\"1000\" src=\"https:\/\/countermelodypodcast.com\/wp-content\/uploads\/2021\/05\/Christopher-and-his-guitar.jpg\" alt=\"\" class=\"wp-image-7640\" srcset=\"https:\/\/countermelodypodcast.com\/wp-content\/uploads\/2021\/05\/Christopher-and-his-guitar.jpg 706w, https:\/\/countermelodypodcast.com\/wp-content\/uploads\/2021\/05\/Christopher-and-his-guitar-212x300.jpg 212w\" sizes=\"auto, (max-width: 706px) 100vw, 706px\" \/><figcaption>Christopher Plummer (13 December 1929 &#8211; 05 February 2021) and Eleanor Parker<\/figcaption><\/figure><\/div>\n\n\n\n<div style=\"height:10px\" aria-hidden=\"true\" class=\"wp-block-spacer\"><\/div>\n\n\n\n<p>Richard Rodgers, Oscar Hammerstein II: Edelweiss (<em>The Sound of Music<\/em>). Christopher Plummer with interjections from Eleanor Parker and Richard Haydn [1965]<\/p>\n\n\n\n<div style=\"height:100px\" aria-hidden=\"true\" class=\"wp-block-spacer\"><\/div>\n\n\n\n<div class=\"wp-block-image\"><figure class=\"aligncenter size-large\"><img loading=\"lazy\" decoding=\"async\" width=\"794\" height=\"1024\" src=\"https:\/\/countermelodypodcast.com\/wp-content\/uploads\/2021\/05\/Mary-W-794x1024.jpg\" alt=\"\" class=\"wp-image-7639\" srcset=\"https:\/\/countermelodypodcast.com\/wp-content\/uploads\/2021\/05\/Mary-W-794x1024.jpg 794w, https:\/\/countermelodypodcast.com\/wp-content\/uploads\/2021\/05\/Mary-W-232x300.jpg 232w, https:\/\/countermelodypodcast.com\/wp-content\/uploads\/2021\/05\/Mary-W-768x991.jpg 768w, https:\/\/countermelodypodcast.com\/wp-content\/uploads\/2021\/05\/Mary-W-1190x1536.jpg 1190w, https:\/\/countermelodypodcast.com\/wp-content\/uploads\/2021\/05\/Mary-W-1587x2048.jpg 1587w, https:\/\/countermelodypodcast.com\/wp-content\/uploads\/2021\/05\/Mary-W-1600x2065.jpg 1600w, https:\/\/countermelodypodcast.com\/wp-content\/uploads\/2021\/05\/Mary-W-scaled.jpg 1984w\" sizes=\"auto, (max-width: 794px) 100vw, 794px\" \/><figcaption>Mary Wilson (06 March 1944 &#8211; 08 February 2021)<\/figcaption><\/figure><\/div>\n\n\n\n<div style=\"height:10px\" aria-hidden=\"true\" class=\"wp-block-spacer\"><\/div>\n\n\n\n<p>Stan Vincent: O-o-h Child. Mary Wilson [1989]<\/p>\n\n\n\n<div style=\"height:100px\" aria-hidden=\"true\" class=\"wp-block-spacer\"><\/div>\n\n\n\n<div class=\"wp-block-image\"><figure class=\"aligncenter size-large\"><img loading=\"lazy\" decoding=\"async\" width=\"744\" height=\"675\" src=\"https:\/\/countermelodypodcast.com\/wp-content\/uploads\/2021\/05\/Corea-and-Band.png\" alt=\"\" class=\"wp-image-7637\" srcset=\"https:\/\/countermelodypodcast.com\/wp-content\/uploads\/2021\/05\/Corea-and-Band.png 744w, https:\/\/countermelodypodcast.com\/wp-content\/uploads\/2021\/05\/Corea-and-Band-300x272.png 300w\" sizes=\"auto, (max-width: 744px) 100vw, 744px\" \/><figcaption>(L to R): Stanley Clark, Chick Corea (12 June 1941 &#8211; 09 Feb 2021), Al Jarreau (12 March 1940 &#8211; 12 Feb 2017), Tony Williams<\/figcaption><\/figure><\/div>\n\n\n\n<div style=\"height:10px\" aria-hidden=\"true\" class=\"wp-block-spacer\"><\/div>\n\n\n\n<p>Chick Corea, Al Jarreau, Artie Maren: Spain (I Can Recall). Al Jarreau [1980]<\/p>\n\n\n\n<div style=\"height:100px\" aria-hidden=\"true\" class=\"wp-block-spacer\"><\/div>\n\n\n\n<div class=\"wp-block-image\"><figure class=\"aligncenter size-large\"><img loading=\"lazy\" decoding=\"async\" width=\"681\" height=\"383\" src=\"https:\/\/countermelodypodcast.com\/wp-content\/uploads\/2021\/05\/Joan-Weldon.jpg\" alt=\"\" class=\"wp-image-7656\" srcset=\"https:\/\/countermelodypodcast.com\/wp-content\/uploads\/2021\/05\/Joan-Weldon.jpg 681w, https:\/\/countermelodypodcast.com\/wp-content\/uploads\/2021\/05\/Joan-Weldon-300x169.jpg 300w\" sizes=\"auto, (max-width: 681px) 100vw, 681px\" \/><figcaption>Joan Weldon (05 August 1930 &#8211; 11 February 2011)<\/figcaption><\/figure><\/div>\n\n\n\n<div style=\"height:10px\" aria-hidden=\"true\" class=\"wp-block-spacer\"><\/div>\n\n\n\n<p>Robert Wright, George Forrest: Swept Away (<em>Kean<\/em>). Joan Weldon, Alfred Drake, Orchestra conducted by Pembroke Davenport [1961]<\/p>\n\n\n\n<div style=\"height:100px\" aria-hidden=\"true\" class=\"wp-block-spacer\"><\/div>\n\n\n\n<div class=\"wp-block-image\"><figure class=\"aligncenter size-large\"><img loading=\"lazy\" decoding=\"async\" width=\"600\" height=\"398\" src=\"https:\/\/countermelodypodcast.com\/wp-content\/uploads\/2021\/05\/Pecheco-Cruz.jpg\" alt=\"\" class=\"wp-image-7636\" srcset=\"https:\/\/countermelodypodcast.com\/wp-content\/uploads\/2021\/05\/Pecheco-Cruz.jpg 600w, https:\/\/countermelodypodcast.com\/wp-content\/uploads\/2021\/05\/Pecheco-Cruz-300x199.jpg 300w\" sizes=\"auto, (max-width: 600px) 100vw, 600px\" \/><figcaption>Celia Cruz (21 October 1925 &#8211; 16 July 2003) and Johnny Pacheco (25 March 1935 &#8211; 15 February 2021)<\/figcaption><\/figure><\/div>\n\n\n\n<div style=\"height:12px\" aria-hidden=\"true\" class=\"wp-block-spacer\"><\/div>\n\n\n\n<p>Junior Cepeda: Quimbara. Johnny Pacheco, Celia Cruz [1974]<\/p>\n\n\n\n<div style=\"height:100px\" aria-hidden=\"true\" class=\"wp-block-spacer\"><\/div>\n\n\n\n<div class=\"wp-block-image\"><figure class=\"aligncenter size-large\"><img loading=\"lazy\" decoding=\"async\" width=\"890\" height=\"534\" src=\"https:\/\/countermelodypodcast.com\/wp-content\/uploads\/2021\/05\/Bedford-1.jpg\" alt=\"\" class=\"wp-image-7615\" srcset=\"https:\/\/countermelodypodcast.com\/wp-content\/uploads\/2021\/05\/Bedford-1.jpg 890w, https:\/\/countermelodypodcast.com\/wp-content\/uploads\/2021\/05\/Bedford-1-300x180.jpg 300w, https:\/\/countermelodypodcast.com\/wp-content\/uploads\/2021\/05\/Bedford-1-768x461.jpg 768w\" sizes=\"auto, (max-width: 890px) 100vw, 890px\" \/><figcaption>Steuart Bedford (31 July 1929 &#8211; 15 February 2021)<\/figcaption><\/figure><\/div>\n\n\n\n<div style=\"height:10px\" aria-hidden=\"true\" class=\"wp-block-spacer\"><\/div>\n\n\n\n<p>Liza Lehmann, Percy Bysshe Shelley: Music When Soft Voices Die. Neal Davies; Steuart Bedford [1997]<\/p>\n\n\n\n<div style=\"height:100px\" aria-hidden=\"true\" class=\"wp-block-spacer\"><\/div>\n\n\n\n<div class=\"wp-block-image\"><figure class=\"aligncenter size-large\"><img loading=\"lazy\" decoding=\"async\" width=\"668\" height=\"1024\" src=\"https:\/\/countermelodypodcast.com\/wp-content\/uploads\/2021\/05\/Antoine-Hodge-2-668x1024.jpg\" alt=\"\" class=\"wp-image-7650\" srcset=\"https:\/\/countermelodypodcast.com\/wp-content\/uploads\/2021\/05\/Antoine-Hodge-2-668x1024.jpg 668w, https:\/\/countermelodypodcast.com\/wp-content\/uploads\/2021\/05\/Antoine-Hodge-2-196x300.jpg 196w, https:\/\/countermelodypodcast.com\/wp-content\/uploads\/2021\/05\/Antoine-Hodge-2-768x1178.jpg 768w, https:\/\/countermelodypodcast.com\/wp-content\/uploads\/2021\/05\/Antoine-Hodge-2-1001x1536.jpg 1001w, https:\/\/countermelodypodcast.com\/wp-content\/uploads\/2021\/05\/Antoine-Hodge-2.jpg 1335w\" sizes=\"auto, (max-width: 668px) 100vw, 668px\" \/><figcaption>Antoine Hodge (05 August 1982 &#8211; 22 February 2021)<\/figcaption><\/figure><\/div>\n\n\n\n<div style=\"height:11px\" aria-hidden=\"true\" class=\"wp-block-spacer\"><\/div>\n\n\n\n<p>Giuseppe Verdi, Joseph M\u00e9ry&nbsp;and&nbsp;Camille du Locle after Friedrich Schiller [Italian text by Achille de Lauzi\u00e8res]: Ella giammai m\u2019am\u00f2 (<em>Don Carlo<\/em>). Antoine Hodge, Orchestra conducted by Gregory Ortega [live New York 07 March 2020]<\/p>\n\n\n\n<div style=\"height:100px\" aria-hidden=\"true\" class=\"wp-block-spacer\"><\/div>\n\n\n\n<div class=\"wp-block-image\"><figure class=\"aligncenter size-large\"><img loading=\"lazy\" decoding=\"async\" width=\"663\" height=\"465\" src=\"https:\/\/countermelodypodcast.com\/wp-content\/uploads\/2021\/05\/Scotto-Anselmi.jpg\" alt=\"\" class=\"wp-image-7613\" srcset=\"https:\/\/countermelodypodcast.com\/wp-content\/uploads\/2021\/05\/Scotto-Anselmi.jpg 663w, https:\/\/countermelodypodcast.com\/wp-content\/uploads\/2021\/05\/Scotto-Anselmi-300x210.jpg 300w\" sizes=\"auto, (max-width: 663px) 100vw, 663px\" \/><figcaption>Renata Scotto and Lorenzo Anselmi (1933 &#8211; 01 March 2021)<\/figcaption><\/figure><\/div>\n\n\n\n<div style=\"height:14px\" aria-hidden=\"true\" class=\"wp-block-spacer\"><\/div>\n\n\n\n<p>Vincenzo Bellini, Felice Romani: Cedi, deh, cedi&#8230; S\u00ec, fino all\u2019ore estreme (<em>Norma<\/em>). Lorenzo Anselmi, Renata Scotto, Mirella Freni, National Philharmonic Orchestra [ca. 1979]<\/p>\n\n\n\n<div style=\"height:100px\" aria-hidden=\"true\" class=\"wp-block-spacer\"><\/div>\n\n\n\n<div class=\"wp-block-image\"><figure class=\"aligncenter size-large\"><img loading=\"lazy\" decoding=\"async\" width=\"800\" height=\"450\" src=\"https:\/\/countermelodypodcast.com\/wp-content\/uploads\/2021\/05\/Robert-Gard.jpeg\" alt=\"\" class=\"wp-image-7657\" srcset=\"https:\/\/countermelodypodcast.com\/wp-content\/uploads\/2021\/05\/Robert-Gard.jpeg 800w, https:\/\/countermelodypodcast.com\/wp-content\/uploads\/2021\/05\/Robert-Gard-300x169.jpeg 300w, https:\/\/countermelodypodcast.com\/wp-content\/uploads\/2021\/05\/Robert-Gard-768x432.jpeg 768w\" sizes=\"auto, (max-width: 800px) 100vw, 800px\" \/><figcaption>Robert Gard (07 March 1927 &#8211; 30 March 2021)<\/figcaption><\/figure><\/div>\n\n\n\n<div style=\"height:11px\" aria-hidden=\"true\" class=\"wp-block-spacer\"><\/div>\n\n\n\n<p>Johann Strauss II. Karl Haffner, Richard Gen\u00e9e, after Henri Meilhac, Ludovic Hal\u00e9vy [English version by David Pountney, Leonard Hancock]: Watch Duet (<em>Die Fledermaus<\/em>). Robert Gard, Joan Sutherland, Richard Bonynge, The Elizabethan Sydney Orchestra [live Sydney 10 July 1982]<\/p>\n\n\n\n<div style=\"height:100px\" aria-hidden=\"true\" class=\"wp-block-spacer\"><\/div>\n\n\n\n<div class=\"wp-block-image\"><figure class=\"aligncenter size-large\"><img loading=\"lazy\" decoding=\"async\" width=\"638\" height=\"482\" src=\"https:\/\/countermelodypodcast.com\/wp-content\/uploads\/2021\/05\/Nesterenko.png\" alt=\"\" class=\"wp-image-7614\" srcset=\"https:\/\/countermelodypodcast.com\/wp-content\/uploads\/2021\/05\/Nesterenko.png 638w, https:\/\/countermelodypodcast.com\/wp-content\/uploads\/2021\/05\/Nesterenko-300x227.png 300w\" sizes=\"auto, (max-width: 638px) 100vw, 638px\" \/><figcaption>Yevgeny Nesterenko (08 Januar 1938 &#8211; 20 March 2021)<\/figcaption><\/figure><\/div>\n\n\n\n<div style=\"height:11px\" aria-hidden=\"true\" class=\"wp-block-spacer\"><\/div>\n\n\n\n<p>Dmitri Shostakovich, Abram Efros after Michelangelo Buonarroti: \u0420\u0430\u0437\u043b\u0443\u043a\u0430 [Departure] (<em>Suite on Verses by Michelangelo<\/em>, Op. 145a\/4) Yevgeny Nesterenko, Maxim Shostakovich, Moscow Radio Symphony Orchestra [from 1976 telecast]<\/p>\n\n\n\n<div style=\"height:100px\" aria-hidden=\"true\" class=\"wp-block-spacer\"><\/div>\n\n\n\n<div class=\"wp-block-image\"><figure class=\"aligncenter size-large\"><img loading=\"lazy\" decoding=\"async\" width=\"697\" height=\"939\" src=\"https:\/\/countermelodypodcast.com\/wp-content\/uploads\/2021\/05\/Kelterborn-book.jpg\" alt=\"\" class=\"wp-image-7612\" srcset=\"https:\/\/countermelodypodcast.com\/wp-content\/uploads\/2021\/05\/Kelterborn-book.jpg 697w, https:\/\/countermelodypodcast.com\/wp-content\/uploads\/2021\/05\/Kelterborn-book-223x300.jpg 223w\" sizes=\"auto, (max-width: 697px) 100vw, 697px\" \/><figcaption>Rudolf Kelterborn (03 September 1931 &#8211; 24 March 2021)<\/figcaption><\/figure><\/div>\n\n\n\n<div style=\"height:10px\" aria-hidden=\"true\" class=\"wp-block-spacer\"><\/div>\n\n\n\n<p>Rudolf Kelterborn, Erika Burkart: Lichtmusik II: Sonnenaufgang (<em>Ensemble-Buch I<\/em>). Kurt Widmer, J\u00fcrg Wyttenbach, Ensemble der IGNM Basel [1991]<\/p>\n\n\n\n<div style=\"height:100px\" aria-hidden=\"true\" class=\"wp-block-spacer\"><\/div>\n\n\n\n<div class=\"wp-block-image\"><figure class=\"aligncenter size-large\"><img loading=\"lazy\" decoding=\"async\" width=\"500\" height=\"500\" src=\"https:\/\/countermelodypodcast.com\/wp-content\/uploads\/2021\/05\/Mary-Ellen-Pracht.jpg\" alt=\"\" class=\"wp-image-7611\" srcset=\"https:\/\/countermelodypodcast.com\/wp-content\/uploads\/2021\/05\/Mary-Ellen-Pracht.jpg 500w, https:\/\/countermelodypodcast.com\/wp-content\/uploads\/2021\/05\/Mary-Ellen-Pracht-300x300.jpg 300w, https:\/\/countermelodypodcast.com\/wp-content\/uploads\/2021\/05\/Mary-Ellen-Pracht-150x150.jpg 150w\" sizes=\"auto, (max-width: 500px) 100vw, 500px\" \/><figcaption>Mary Ellen Pracht (04 February 1934 &#8211; 29 March 2021)<\/figcaption><\/figure><\/div>\n\n\n\n<div style=\"height:10px\" aria-hidden=\"true\" class=\"wp-block-spacer\"><\/div>\n\n\n\n<p>Dmitri Shostakovich, Alexander Blok: \u0413\u043e\u0440\u043e\u0434 \u0441\u043f\u0438\u0442 [The City Sleeps] (<em>Seven Poems by Alexander Blok<\/em>, Op. 127\/4). Mary Ellen Pracht, The Nieuw Amsterdam Trio (Edith Mocsanyi, John Pintavalle, Heinrich Joachim) [1972]<\/p>\n\n\n\n<div style=\"height:100px\" aria-hidden=\"true\" class=\"wp-block-spacer\"><\/div>\n\n\n\n<div class=\"wp-block-image\"><figure class=\"aligncenter size-large\"><img loading=\"lazy\" decoding=\"async\" width=\"720\" height=\"932\" src=\"https:\/\/countermelodypodcast.com\/wp-content\/uploads\/2021\/05\/Lambrinos.jpg\" alt=\"\" class=\"wp-image-7609\" srcset=\"https:\/\/countermelodypodcast.com\/wp-content\/uploads\/2021\/05\/Lambrinos.jpg 720w, https:\/\/countermelodypodcast.com\/wp-content\/uploads\/2021\/05\/Lambrinos-232x300.jpg 232w\" sizes=\"auto, (max-width: 720px) 100vw, 720px\" \/><figcaption>Theodore Lambrinos (25 July 1935 &#8211; 29 March 2021)<\/figcaption><\/figure><\/div>\n\n\n\n<div style=\"height:10px\" aria-hidden=\"true\" class=\"wp-block-spacer\"><\/div>\n\n\n\n<p>Jacques Offenbach: Scintille, diamant (<em>Les Contes d\u2019Hoffmann<\/em>). Theodore Lambrinos, Robert L. Larsen, Des Moines Metro Opera Orchestra [1989]<\/p>\n\n\n\n<div class=\"wp-block-image\"><figure class=\"aligncenter size-large\"><img loading=\"lazy\" decoding=\"async\" width=\"640\" height=\"464\" src=\"https:\/\/countermelodypodcast.com\/wp-content\/uploads\/2021\/05\/Larsen.jpg\" alt=\"\" class=\"wp-image-7610\" srcset=\"https:\/\/countermelodypodcast.com\/wp-content\/uploads\/2021\/05\/Larsen.jpg 640w, https:\/\/countermelodypodcast.com\/wp-content\/uploads\/2021\/05\/Larsen-300x218.jpg 300w\" sizes=\"auto, (max-width: 640px) 100vw, 640px\" \/><figcaption>Robert L. Larsen (28 November 1934 &#8211; 21 March 2021)<\/figcaption><\/figure><\/div>\n\n\n\n<div style=\"height:100px\" aria-hidden=\"true\" class=\"wp-block-spacer\"><\/div>\n\n\n\n<div class=\"wp-block-image\"><figure class=\"aligncenter size-large\"><img loading=\"lazy\" decoding=\"async\" width=\"600\" height=\"805\" src=\"https:\/\/countermelodypodcast.com\/wp-content\/uploads\/2021\/05\/Dunne.jpg\" alt=\"\" class=\"wp-image-7653\" srcset=\"https:\/\/countermelodypodcast.com\/wp-content\/uploads\/2021\/05\/Dunne.jpg 600w, https:\/\/countermelodypodcast.com\/wp-content\/uploads\/2021\/05\/Dunne-224x300.jpg 224w\" sizes=\"auto, (max-width: 600px) 100vw, 600px\" \/><figcaption>Veronica Dunne (02 August 1927 &#8211; 05 April 2021)<\/figcaption><\/figure><\/div>\n\n\n\n<div style=\"height:10px\" aria-hidden=\"true\" class=\"wp-block-spacer\"><\/div>\n\n\n\n<p>Traditional Irish, arr. Frederick Weatherly: Danny Boy. Veronica Dunne, Havelock Nelson [1968]<\/p>\n\n\n\n<div style=\"height:100px\" aria-hidden=\"true\" class=\"wp-block-spacer\"><\/div>\n\n\n\n<div class=\"wp-block-image\"><figure class=\"aligncenter size-large\"><img loading=\"lazy\" decoding=\"async\" width=\"1024\" height=\"683\" src=\"https:\/\/countermelodypodcast.com\/wp-content\/uploads\/2021\/05\/Steinman-1024x683.jpg\" alt=\"\" class=\"wp-image-7608\" srcset=\"https:\/\/countermelodypodcast.com\/wp-content\/uploads\/2021\/05\/Steinman-1024x683.jpg 1024w, https:\/\/countermelodypodcast.com\/wp-content\/uploads\/2021\/05\/Steinman-300x200.jpg 300w, https:\/\/countermelodypodcast.com\/wp-content\/uploads\/2021\/05\/Steinman-768x512.jpg 768w, https:\/\/countermelodypodcast.com\/wp-content\/uploads\/2021\/05\/Steinman.jpg 1284w\" sizes=\"auto, (max-width: 1024px) 100vw, 1024px\" \/><figcaption>Jim Steinman (01 November 1947 &#8211; 19 April 2021)<\/figcaption><\/figure><\/div>\n\n\n\n<div style=\"height:10px\" aria-hidden=\"true\" class=\"wp-block-spacer\"><\/div>\n\n\n\n<p>Jim Steinman, G. D\u00e9nes Gy\u00f6rgy [Hungarian text]: N\u00e9zz k\u00f6r\u00fcl [Total Eclipse of the Heart]. Sylvia Sass [1985]<\/p>\n\n\n\n<div style=\"height:100px\" aria-hidden=\"true\" class=\"wp-block-spacer\"><\/div>\n\n\n\n<figure class=\"wp-block-image size-large\"><img loading=\"lazy\" decoding=\"async\" width=\"776\" height=\"440\" src=\"https:\/\/countermelodypodcast.com\/wp-content\/uploads\/2021\/05\/Manning-Payne.png\" alt=\"\" class=\"wp-image-7602\" srcset=\"https:\/\/countermelodypodcast.com\/wp-content\/uploads\/2021\/05\/Manning-Payne.png 776w, https:\/\/countermelodypodcast.com\/wp-content\/uploads\/2021\/05\/Manning-Payne-300x170.png 300w, https:\/\/countermelodypodcast.com\/wp-content\/uploads\/2021\/05\/Manning-Payne-768x435.png 768w\" sizes=\"auto, (max-width: 776px) 100vw, 776px\" \/><figcaption>Jane Manning (20 September 1938 &#8211; 31 March 2021) and Anthony Payne (02 August 1936 &#8211; 30 April 2021)<\/figcaption><\/figure>\n\n\n\n<div style=\"height:7px\" aria-hidden=\"true\" class=\"wp-block-spacer\"><\/div>\n\n\n\n<p>Anthony Payne, Alfred Lord Tennyson: Nothing Will Die (from <em>The World\u2019s Winter<\/em>). Jane Manning, Lionel Friend, The Nash Ensemble [1977]<\/p>\n\n\n\n<div style=\"height:100px\" aria-hidden=\"true\" class=\"wp-block-spacer\"><\/div>\n\n\n\n<figure class=\"wp-block-image size-large\"><img loading=\"lazy\" decoding=\"async\" width=\"1024\" height=\"683\" src=\"https:\/\/countermelodypodcast.com\/wp-content\/uploads\/2021\/05\/Staples-Singers-1024x683.jpg\" alt=\"\" class=\"wp-image-7605\" srcset=\"https:\/\/countermelodypodcast.com\/wp-content\/uploads\/2021\/05\/Staples-Singers-1024x683.jpg 1024w, https:\/\/countermelodypodcast.com\/wp-content\/uploads\/2021\/05\/Staples-Singers-300x200.jpg 300w, https:\/\/countermelodypodcast.com\/wp-content\/uploads\/2021\/05\/Staples-Singers-768x512.jpg 768w, https:\/\/countermelodypodcast.com\/wp-content\/uploads\/2021\/05\/Staples-Singers-1536x1024.jpg 1536w, https:\/\/countermelodypodcast.com\/wp-content\/uploads\/2021\/05\/Staples-Singers-1600x1067.jpg 1600w, https:\/\/countermelodypodcast.com\/wp-content\/uploads\/2021\/05\/Staples-Singers.jpg 1800w\" sizes=\"auto, (max-width: 1024px) 100vw, 1024px\" \/><figcaption>The Staples Singers (L to R): Mavis, Roebuck, Pervis (18 November 1935 &#8211; 06 May 2021), and Cleotha<\/figcaption><\/figure>\n\n\n\n<div style=\"height:10px\" aria-hidden=\"true\" class=\"wp-block-spacer\"><\/div>\n\n\n\n<p>Roebuck Staples: Freedom Highway. The Staples Singers (Roebuck, Cleotha, Pervis, and Mavis Staples) [1965]<\/p>\n\n\n\n<div style=\"height:100px\" aria-hidden=\"true\" class=\"wp-block-spacer\"><\/div>\n\n\n\n<div class=\"wp-block-image\"><figure class=\"aligncenter size-large is-resized\"><img loading=\"lazy\" decoding=\"async\" src=\"https:\/\/countermelodypodcast.com\/wp-content\/uploads\/2021\/05\/Tinsley-as-Elizabeth.jpg\" alt=\"\" class=\"wp-image-7606\" width=\"408\" height=\"510\" srcset=\"https:\/\/countermelodypodcast.com\/wp-content\/uploads\/2021\/05\/Tinsley-as-Elizabeth.jpg 380w, https:\/\/countermelodypodcast.com\/wp-content\/uploads\/2021\/05\/Tinsley-as-Elizabeth-240x300.jpg 240w\" sizes=\"auto, (max-width: 408px) 100vw, 408px\" \/><figcaption>Pauline Tinsley (27 March 1928 &#8211; 10 May 2021)<\/figcaption><\/figure><\/div>\n\n\n\n<div style=\"height:8px\" aria-hidden=\"true\" class=\"wp-block-spacer\"><\/div>\n\n\n\n<p>Giuseppe Verdi, Francesco Maria Piave: Madre, pietosa Vergine (<em>La forza del destino<\/em>) [sung in English]. Pauline Tinsley, Bryan Balkwill, Orchestra of the Sadler\u2019s Wells Opera Company [live December 1968]<\/p>\n\n\n\n<div style=\"height:100px\" aria-hidden=\"true\" class=\"wp-block-spacer\"><\/div>\n\n\n\n<div class=\"wp-block-image\"><figure class=\"aligncenter size-large\"><img loading=\"lazy\" decoding=\"async\" width=\"1024\" height=\"575\" src=\"https:\/\/countermelodypodcast.com\/wp-content\/uploads\/2021\/05\/Milvaa-1024x575.jpg\" alt=\"\" class=\"wp-image-7607\" srcset=\"https:\/\/countermelodypodcast.com\/wp-content\/uploads\/2021\/05\/Milvaa-1024x575.jpg 1024w, https:\/\/countermelodypodcast.com\/wp-content\/uploads\/2021\/05\/Milvaa-300x169.jpg 300w, https:\/\/countermelodypodcast.com\/wp-content\/uploads\/2021\/05\/Milvaa-768x432.jpg 768w, https:\/\/countermelodypodcast.com\/wp-content\/uploads\/2021\/05\/Milvaa-1536x863.jpg 1536w, https:\/\/countermelodypodcast.com\/wp-content\/uploads\/2021\/05\/Milvaa.jpg 1600w\" sizes=\"auto, (max-width: 1024px) 100vw, 1024px\" \/><figcaption>Maria Ilva Biolcati [Milva] (17 July 1939 &#8211; 23 April 2021)<\/figcaption><\/figure><\/div>\n\n\n\n<div style=\"height:10px\" aria-hidden=\"true\" class=\"wp-block-spacer\"><\/div>\n\n\n\n<p>Astor Piazzolla, Mario Trejo: Los p\u00e1jaros perdidos. Milva, Astor Piazzolla [live Paris, Bouffes du Nord 29 September 1984]<\/p>\n\n\n\n<div style=\"height:100px\" aria-hidden=\"true\" class=\"wp-block-spacer\"><\/div>\n\n\n\n<div class=\"wp-block-image\"><figure class=\"aligncenter size-large\"><img loading=\"lazy\" decoding=\"async\" width=\"1024\" height=\"682\" src=\"https:\/\/countermelodypodcast.com\/wp-content\/uploads\/2021\/05\/Ryan-Jackson-1024x682.jpg\" alt=\"\" class=\"wp-image-7660\" srcset=\"https:\/\/countermelodypodcast.com\/wp-content\/uploads\/2021\/05\/Ryan-Jackson-1024x682.jpg 1024w, https:\/\/countermelodypodcast.com\/wp-content\/uploads\/2021\/05\/Ryan-Jackson-300x200.jpg 300w, https:\/\/countermelodypodcast.com\/wp-content\/uploads\/2021\/05\/Ryan-Jackson-768x511.jpg 768w, https:\/\/countermelodypodcast.com\/wp-content\/uploads\/2021\/05\/Ryan-Jackson-1536x1022.jpg 1536w, https:\/\/countermelodypodcast.com\/wp-content\/uploads\/2021\/05\/Ryan-Jackson-2048x1363.jpg 2048w, https:\/\/countermelodypodcast.com\/wp-content\/uploads\/2021\/05\/Ryan-Jackson-1600x1065.jpg 1600w\" sizes=\"auto, (max-width: 1024px) 100vw, 1024px\" \/><figcaption>Ryan Jackson<\/figcaption><\/figure><\/div>\n\n\n\n<div style=\"height:10px\" aria-hidden=\"true\" class=\"wp-block-spacer\"><\/div>\n\n\n\n<p>Traditional Spiritual, arr. Moses Hogan: Were You There. Antoine Hodges, Ryan Jackson [recorded remotely for Good Friday Service 2020 at First Avenue Presbyterian Church, NYC]<\/p>\n\n\n\n<figure class=\"wp-block-image size-large\"><img loading=\"lazy\" decoding=\"async\" width=\"1024\" height=\"1024\" src=\"https:\/\/countermelodypodcast.com\/wp-content\/uploads\/2021\/05\/Antoine-Hodge-1024x1024.jpg\" alt=\"\" class=\"wp-image-7658\" srcset=\"https:\/\/countermelodypodcast.com\/wp-content\/uploads\/2021\/05\/Antoine-Hodge-1024x1024.jpg 1024w, https:\/\/countermelodypodcast.com\/wp-content\/uploads\/2021\/05\/Antoine-Hodge-300x300.jpg 300w, https:\/\/countermelodypodcast.com\/wp-content\/uploads\/2021\/05\/Antoine-Hodge-150x150.jpg 150w, https:\/\/countermelodypodcast.com\/wp-content\/uploads\/2021\/05\/Antoine-Hodge-768x768.jpg 768w, https:\/\/countermelodypodcast.com\/wp-content\/uploads\/2021\/05\/Antoine-Hodge.jpg 1440w\" sizes=\"auto, (max-width: 1024px) 100vw, 1024px\" \/><figcaption>Antoine Hodge<\/figcaption><\/figure>\n\n\n\n<p><\/p>\n","protected":false},"excerpt":{"rendered":"<p>Episode 91. Unforgotten (In Memoriam II) SOCIAL SHARE SUBSCRIPTION PLATFORM We continue our memorial tributes this week with the second&hellip;<\/p>\n","protected":false},"author":1,"featured_media":7603,"comment_status":"open","ping_status":"open","sticky":false,"template":"","format":"standard","meta":{"advgb_blocks_editor_width":"","advgb_blocks_columns_visual_guide":"","footnotes":""},"categories":[420,1626,1075,1701,2109,1076,5823,2398,2399,1072,1263,2260,2329,1470,2755,1540,1672,425,1903,2806,427,2550],"tags":[2963,2980,2950,1883,2967,2968,2965,2955,2964,207,2457,1929,2961,2988,2871,2960,2959,2966,2992,2949,1000,2962,927,2951,2953,144,2969,928,2957,2958,1179,1857,2952,2956,2954],"class_list":["post-7642","post","type-post","status-publish","format-standard","has-post-thumbnail","hentry","category-african-american-opera-singers","category-african-american-singers","category-art-song","category-bel-canto","category-broadway-and-musicals","category-crossover","category-forgotten-divas","category-giuseppe-verdi","category-great-baritones","category-in-memoriam","category-mezzo-madness","category-music-for-a-world-in-crisis","category-opera-in-translation","category-operetta","category-pop-icons","category-protest-songs","category-renata-scotto","category-ruggero-leoncavallo","category-sylvia-sass","category-twentieth-century-music","category-verismo","category-voiceless-wonders","tag-al-jarreau","tag-angelo-mori","tag-anthony-payne","tag-astor-piazzolla","tag-celia-cruz","tag-chick-corea","tag-christopher-plummer","tag-dmitri-shostakovich","tag-eleanor-parker","tag-giuseppe-verdi","tag-jane-manning","tag-jim-steinman","tag-johnny-pacheco","tag-kurt-widmer","tag-liza-lehmann","tag-lorenzo-anselmi","tag-mary-ellen-pracht","tag-mary-wilson","tag-maxim-shostakovich","tag-milva","tag-mirella-freni","tag-neal-davies","tag-oscar-hammerstein-ii","tag-pauline-tinsley","tag-pervis-staples","tag-renata-scotto","tag-richard-haydn","tag-richard-rodgers","tag-robert-l-larsen","tag-rudolf-kelterborn","tag-steuart-bedford","tag-sylvia-sass","tag-the-staples-singers","tag-theodore-lambrinos","tag-yevgeny-nesterenko"],"author_meta":{"display_name":"admin","author_link":"https:\/\/countermelodypodcast.com\/index.php\/author\/admin\/"},"featured_img":"https:\/\/countermelodypodcast.com\/wp-content\/uploads\/2021\/05\/Jane-Manning-TRIMMED-300x115.jpg","coauthors":[],"tax_additional":{"categories":{"linked":["<a href=\"https:\/\/countermelodypodcast.com\/index.php\/category\/african-american-opera-singers\/\" class=\"advgb-post-tax-term\">African American Opera Singers<\/a>","<a href=\"https:\/\/countermelodypodcast.com\/index.php\/category\/african-american-singers\/\" class=\"advgb-post-tax-term\">African American Singers<\/a>","<a href=\"https:\/\/countermelodypodcast.com\/index.php\/category\/art-song\/\" class=\"advgb-post-tax-term\">Art Song<\/a>","<a href=\"https:\/\/countermelodypodcast.com\/index.php\/category\/bel-canto\/\" class=\"advgb-post-tax-term\">Bel Canto<\/a>","<a href=\"https:\/\/countermelodypodcast.com\/index.php\/category\/broadway-and-musicals\/\" class=\"advgb-post-tax-term\">Broadway and Musicals<\/a>","<a href=\"https:\/\/countermelodypodcast.com\/index.php\/category\/crossover\/\" class=\"advgb-post-tax-term\">Crossover<\/a>","<a href=\"https:\/\/countermelodypodcast.com\/index.php\/category\/forgotten-divas\/\" class=\"advgb-post-tax-term\">Forgotten Divas<\/a>","<a href=\"https:\/\/countermelodypodcast.com\/index.php\/category\/giuseppe-verdi\/\" class=\"advgb-post-tax-term\">Giuseppe Verdi<\/a>","<a href=\"https:\/\/countermelodypodcast.com\/index.php\/category\/great-baritones\/\" class=\"advgb-post-tax-term\">Great Baritones<\/a>","<a href=\"https:\/\/countermelodypodcast.com\/index.php\/category\/in-memoriam\/\" class=\"advgb-post-tax-term\">In Memoriam<\/a>","<a href=\"https:\/\/countermelodypodcast.com\/index.php\/category\/mezzo-madness\/\" class=\"advgb-post-tax-term\">Mezzo Madness<\/a>","<a href=\"https:\/\/countermelodypodcast.com\/index.php\/category\/music-for-a-world-in-crisis\/\" class=\"advgb-post-tax-term\">Music for a World in Crisis<\/a>","<a href=\"https:\/\/countermelodypodcast.com\/index.php\/category\/opera-in-translation\/\" class=\"advgb-post-tax-term\">Opera in Translation<\/a>","<a href=\"https:\/\/countermelodypodcast.com\/index.php\/category\/operetta\/\" class=\"advgb-post-tax-term\">Operetta<\/a>","<a href=\"https:\/\/countermelodypodcast.com\/index.php\/category\/pop-icons\/\" class=\"advgb-post-tax-term\">Pop Icons<\/a>","<a href=\"https:\/\/countermelodypodcast.com\/index.php\/category\/protest-songs\/\" class=\"advgb-post-tax-term\">Protest Songs<\/a>","<a href=\"https:\/\/countermelodypodcast.com\/index.php\/category\/renata-scotto\/\" class=\"advgb-post-tax-term\">Renata Scotto<\/a>","<a href=\"https:\/\/countermelodypodcast.com\/index.php\/category\/ruggero-leoncavallo\/\" class=\"advgb-post-tax-term\">Ruggero Leoncavallo<\/a>","<a href=\"https:\/\/countermelodypodcast.com\/index.php\/category\/sylvia-sass\/\" class=\"advgb-post-tax-term\">Sylvia Sass<\/a>","<a href=\"https:\/\/countermelodypodcast.com\/index.php\/category\/twentieth-century-music\/\" class=\"advgb-post-tax-term\">Twentieth Century Music<\/a>","<a href=\"https:\/\/countermelodypodcast.com\/index.php\/category\/verismo\/\" class=\"advgb-post-tax-term\">Verismo<\/a>","<a href=\"https:\/\/countermelodypodcast.com\/index.php\/category\/voiceless-wonders\/\" class=\"advgb-post-tax-term\">Voiceless Wonders<\/a>"],"unlinked":["<span class=\"advgb-post-tax-term\">African American Opera Singers<\/span>","<span class=\"advgb-post-tax-term\">African American Singers<\/span>","<span class=\"advgb-post-tax-term\">Art Song<\/span>","<span class=\"advgb-post-tax-term\">Bel Canto<\/span>","<span class=\"advgb-post-tax-term\">Broadway and Musicals<\/span>","<span class=\"advgb-post-tax-term\">Crossover<\/span>","<span class=\"advgb-post-tax-term\">Forgotten Divas<\/span>","<span class=\"advgb-post-tax-term\">Giuseppe Verdi<\/span>","<span class=\"advgb-post-tax-term\">Great Baritones<\/span>","<span class=\"advgb-post-tax-term\">In Memoriam<\/span>","<span class=\"advgb-post-tax-term\">Mezzo Madness<\/span>","<span class=\"advgb-post-tax-term\">Music for a World in Crisis<\/span>","<span class=\"advgb-post-tax-term\">Opera in Translation<\/span>","<span class=\"advgb-post-tax-term\">Operetta<\/span>","<span class=\"advgb-post-tax-term\">Pop Icons<\/span>","<span class=\"advgb-post-tax-term\">Protest Songs<\/span>","<span class=\"advgb-post-tax-term\">Renata Scotto<\/span>","<span class=\"advgb-post-tax-term\">Ruggero Leoncavallo<\/span>","<span class=\"advgb-post-tax-term\">Sylvia Sass<\/span>","<span class=\"advgb-post-tax-term\">Twentieth Century Music<\/span>","<span class=\"advgb-post-tax-term\">Verismo<\/span>","<span class=\"advgb-post-tax-term\">Voiceless Wonders<\/span>"]},"tags":{"linked":["<a href=\"https:\/\/countermelodypodcast.com\/index.php\/category\/voiceless-wonders\/\" class=\"advgb-post-tax-term\">Al Jarreau<\/a>","<a href=\"https:\/\/countermelodypodcast.com\/index.php\/category\/voiceless-wonders\/\" class=\"advgb-post-tax-term\">Angelo Mori<\/a>","<a href=\"https:\/\/countermelodypodcast.com\/index.php\/category\/voiceless-wonders\/\" class=\"advgb-post-tax-term\">Anthony Payne<\/a>","<a href=\"https:\/\/countermelodypodcast.com\/index.php\/category\/voiceless-wonders\/\" class=\"advgb-post-tax-term\">Astor Piazzolla<\/a>","<a href=\"https:\/\/countermelodypodcast.com\/index.php\/category\/voiceless-wonders\/\" class=\"advgb-post-tax-term\">Celia Cruz<\/a>","<a href=\"https:\/\/countermelodypodcast.com\/index.php\/category\/voiceless-wonders\/\" class=\"advgb-post-tax-term\">Chick Corea<\/a>","<a href=\"https:\/\/countermelodypodcast.com\/index.php\/category\/voiceless-wonders\/\" class=\"advgb-post-tax-term\">Christopher Plummer<\/a>","<a href=\"https:\/\/countermelodypodcast.com\/index.php\/category\/voiceless-wonders\/\" class=\"advgb-post-tax-term\">Dmitri Shostakovich<\/a>","<a href=\"https:\/\/countermelodypodcast.com\/index.php\/category\/voiceless-wonders\/\" class=\"advgb-post-tax-term\">Eleanor Parker<\/a>","<a href=\"https:\/\/countermelodypodcast.com\/index.php\/category\/voiceless-wonders\/\" class=\"advgb-post-tax-term\">Giuseppe Verdi<\/a>","<a href=\"https:\/\/countermelodypodcast.com\/index.php\/category\/voiceless-wonders\/\" class=\"advgb-post-tax-term\">Jane Manning<\/a>","<a href=\"https:\/\/countermelodypodcast.com\/index.php\/category\/voiceless-wonders\/\" class=\"advgb-post-tax-term\">Jim Steinman<\/a>","<a href=\"https:\/\/countermelodypodcast.com\/index.php\/category\/voiceless-wonders\/\" class=\"advgb-post-tax-term\">Johnny Pacheco<\/a>","<a href=\"https:\/\/countermelodypodcast.com\/index.php\/category\/voiceless-wonders\/\" class=\"advgb-post-tax-term\">Kurt Widmer<\/a>","<a href=\"https:\/\/countermelodypodcast.com\/index.php\/category\/voiceless-wonders\/\" class=\"advgb-post-tax-term\">Liza Lehmann<\/a>","<a href=\"https:\/\/countermelodypodcast.com\/index.php\/category\/voiceless-wonders\/\" class=\"advgb-post-tax-term\">Lorenzo Anselmi<\/a>","<a href=\"https:\/\/countermelodypodcast.com\/index.php\/category\/voiceless-wonders\/\" class=\"advgb-post-tax-term\">Mary Ellen Pracht<\/a>","<a href=\"https:\/\/countermelodypodcast.com\/index.php\/category\/voiceless-wonders\/\" class=\"advgb-post-tax-term\">Mary Wilson<\/a>","<a href=\"https:\/\/countermelodypodcast.com\/index.php\/category\/voiceless-wonders\/\" class=\"advgb-post-tax-term\">Maxim Shostakovich<\/a>","<a href=\"https:\/\/countermelodypodcast.com\/index.php\/category\/voiceless-wonders\/\" class=\"advgb-post-tax-term\">Milva<\/a>","<a href=\"https:\/\/countermelodypodcast.com\/index.php\/category\/voiceless-wonders\/\" class=\"advgb-post-tax-term\">Mirella Freni<\/a>","<a href=\"https:\/\/countermelodypodcast.com\/index.php\/category\/voiceless-wonders\/\" class=\"advgb-post-tax-term\">Neal Davies<\/a>","<a href=\"https:\/\/countermelodypodcast.com\/index.php\/category\/voiceless-wonders\/\" class=\"advgb-post-tax-term\">Oscar Hammerstein II<\/a>","<a href=\"https:\/\/countermelodypodcast.com\/index.php\/category\/voiceless-wonders\/\" class=\"advgb-post-tax-term\">Pauline Tinsley<\/a>","<a href=\"https:\/\/countermelodypodcast.com\/index.php\/category\/voiceless-wonders\/\" class=\"advgb-post-tax-term\">Pervis Staples<\/a>","<a href=\"https:\/\/countermelodypodcast.com\/index.php\/category\/voiceless-wonders\/\" class=\"advgb-post-tax-term\">Renata Scotto<\/a>","<a href=\"https:\/\/countermelodypodcast.com\/index.php\/category\/voiceless-wonders\/\" class=\"advgb-post-tax-term\">Richard Haydn<\/a>","<a href=\"https:\/\/countermelodypodcast.com\/index.php\/category\/voiceless-wonders\/\" class=\"advgb-post-tax-term\">Richard Rodgers<\/a>","<a href=\"https:\/\/countermelodypodcast.com\/index.php\/category\/voiceless-wonders\/\" class=\"advgb-post-tax-term\">Robert L. Larsen<\/a>","<a href=\"https:\/\/countermelodypodcast.com\/index.php\/category\/voiceless-wonders\/\" class=\"advgb-post-tax-term\">Rudolf Kelterborn<\/a>","<a href=\"https:\/\/countermelodypodcast.com\/index.php\/category\/voiceless-wonders\/\" class=\"advgb-post-tax-term\">Steuart Bedford<\/a>","<a href=\"https:\/\/countermelodypodcast.com\/index.php\/category\/voiceless-wonders\/\" class=\"advgb-post-tax-term\">Sylvia Sass<\/a>","<a href=\"https:\/\/countermelodypodcast.com\/index.php\/category\/voiceless-wonders\/\" class=\"advgb-post-tax-term\">The Staples Singers<\/a>","<a href=\"https:\/\/countermelodypodcast.com\/index.php\/category\/voiceless-wonders\/\" class=\"advgb-post-tax-term\">Theodore Lambrinos<\/a>","<a href=\"https:\/\/countermelodypodcast.com\/index.php\/category\/voiceless-wonders\/\" class=\"advgb-post-tax-term\">Yevgeny Nesterenko<\/a>"],"unlinked":["<span class=\"advgb-post-tax-term\">Al Jarreau<\/span>","<span class=\"advgb-post-tax-term\">Angelo Mori<\/span>","<span class=\"advgb-post-tax-term\">Anthony Payne<\/span>","<span class=\"advgb-post-tax-term\">Astor Piazzolla<\/span>","<span class=\"advgb-post-tax-term\">Celia Cruz<\/span>","<span class=\"advgb-post-tax-term\">Chick Corea<\/span>","<span class=\"advgb-post-tax-term\">Christopher Plummer<\/span>","<span class=\"advgb-post-tax-term\">Dmitri Shostakovich<\/span>","<span class=\"advgb-post-tax-term\">Eleanor Parker<\/span>","<span class=\"advgb-post-tax-term\">Giuseppe Verdi<\/span>","<span class=\"advgb-post-tax-term\">Jane Manning<\/span>","<span class=\"advgb-post-tax-term\">Jim Steinman<\/span>","<span class=\"advgb-post-tax-term\">Johnny Pacheco<\/span>","<span class=\"advgb-post-tax-term\">Kurt Widmer<\/span>","<span class=\"advgb-post-tax-term\">Liza Lehmann<\/span>","<span class=\"advgb-post-tax-term\">Lorenzo Anselmi<\/span>","<span class=\"advgb-post-tax-term\">Mary Ellen Pracht<\/span>","<span class=\"advgb-post-tax-term\">Mary Wilson<\/span>","<span class=\"advgb-post-tax-term\">Maxim Shostakovich<\/span>","<span class=\"advgb-post-tax-term\">Milva<\/span>","<span class=\"advgb-post-tax-term\">Mirella Freni<\/span>","<span class=\"advgb-post-tax-term\">Neal Davies<\/span>","<span class=\"advgb-post-tax-term\">Oscar Hammerstein II<\/span>","<span class=\"advgb-post-tax-term\">Pauline Tinsley<\/span>","<span class=\"advgb-post-tax-term\">Pervis Staples<\/span>","<span class=\"advgb-post-tax-term\">Renata Scotto<\/span>","<span class=\"advgb-post-tax-term\">Richard Haydn<\/span>","<span class=\"advgb-post-tax-term\">Richard Rodgers<\/span>","<span class=\"advgb-post-tax-term\">Robert L. Larsen<\/span>","<span class=\"advgb-post-tax-term\">Rudolf Kelterborn<\/span>","<span class=\"advgb-post-tax-term\">Steuart Bedford<\/span>","<span class=\"advgb-post-tax-term\">Sylvia Sass<\/span>","<span class=\"advgb-post-tax-term\">The Staples Singers<\/span>","<span class=\"advgb-post-tax-term\">Theodore Lambrinos<\/span>","<span class=\"advgb-post-tax-term\">Yevgeny Nesterenko<\/span>"]}},"comment_count":"0","relative_dates":{"created":"Posted 5 years ago","modified":"Updated 2 years ago"},"absolute_dates":{"created":"Posted on 30\/05\/2021","modified":"Updated on 16\/02\/2024"},"absolute_dates_time":{"created":"Posted on 30\/05\/2021 11:35","modified":"Updated on 16\/02\/2024 10:50"},"featured_img_caption":"","series_order":"","_links":{"self":[{"href":"https:\/\/countermelodypodcast.com\/index.php\/wp-json\/wp\/v2\/posts\/7642","targetHints":{"allow":["GET"]}}],"collection":[{"href":"https:\/\/countermelodypodcast.com\/index.php\/wp-json\/wp\/v2\/posts"}],"about":[{"href":"https:\/\/countermelodypodcast.com\/index.php\/wp-json\/wp\/v2\/types\/post"}],"author":[{"embeddable":true,"href":"https:\/\/countermelodypodcast.com\/index.php\/wp-json\/wp\/v2\/users\/1"}],"replies":[{"embeddable":true,"href":"https:\/\/countermelodypodcast.com\/index.php\/wp-json\/wp\/v2\/comments?post=7642"}],"version-history":[{"count":7,"href":"https:\/\/countermelodypodcast.com\/index.php\/wp-json\/wp\/v2\/posts\/7642\/revisions"}],"predecessor-version":[{"id":7664,"href":"https:\/\/countermelodypodcast.com\/index.php\/wp-json\/wp\/v2\/posts\/7642\/revisions\/7664"}],"wp:featuredmedia":[{"embeddable":true,"href":"https:\/\/countermelodypodcast.com\/index.php\/wp-json\/wp\/v2\/media\/7603"}],"wp:attachment":[{"href":"https:\/\/countermelodypodcast.com\/index.php\/wp-json\/wp\/v2\/media?parent=7642"}],"wp:term":[{"taxonomy":"category","embeddable":true,"href":"https:\/\/countermelodypodcast.com\/index.php\/wp-json\/wp\/v2\/categories?post=7642"},{"taxonomy":"post_tag","embeddable":true,"href":"https:\/\/countermelodypodcast.com\/index.php\/wp-json\/wp\/v2\/tags?post=7642"}],"curies":[{"name":"wp","href":"https:\/\/api.w.org\/{rel}","templated":true}]}}