{"id":5954,"date":"2020-11-01T16:50:03","date_gmt":"2020-11-01T15:50:03","guid":{"rendered":"http:\/\/countermelodypodcast.com\/?p=5954"},"modified":"2024-02-16T10:52:51","modified_gmt":"2024-02-16T09:52:51","slug":"episode-59-rosanna-carteri","status":"publish","type":"post","link":"https:\/\/countermelodypodcast.com\/index.php\/2020\/11\/01\/episode-59-rosanna-carteri\/","title":{"rendered":"Episode 59. Rosanna Carteri"},"content":{"rendered":"<div id=\"mega-menu-wrap-primary\" class=\"mega-menu-wrap\"><div class=\"mega-menu-toggle\"><div class=\"mega-toggle-blocks-left\"><\/div><div class=\"mega-toggle-blocks-center\"><\/div><div class=\"mega-toggle-blocks-right\"><div class='mega-toggle-block mega-menu-toggle-animated-block mega-toggle-block-1' id='mega-toggle-block-1'><button aria-controls=\"mega-menu-primary\" aria-expanded=\"false\" aria-haspopup=\"true\" aria-label=\"Menu\" class=\"mega-toggle-animated mega-toggle-animated-slider\" type=\"button\">\n                  <span class=\"mega-toggle-animated-box\">\n                    <span class=\"mega-toggle-animated-inner\"><\/span>\n                  <\/span>\n                <\/button><\/div><\/div><\/div><ul id=\"mega-menu-primary\" class=\"mega-menu max-mega-menu mega-menu-horizontal mega-no-js\" data-event=\"hover_intent\" data-effect=\"slide\" data-effect-speed=\"200\" data-effect-mobile=\"slide\" data-effect-speed-mobile=\"200\" data-mobile-force-width=\"body\" data-second-click=\"go\" data-document-click=\"collapse\" data-vertical-behaviour=\"standard\" data-breakpoint=\"600\" data-unbind=\"true\" data-mobile-state=\"collapse_all\" data-mobile-direction=\"vertical\"><li class=\"mega-menu-item mega-menu-item-type-post_type mega-menu-item-object-page mega-menu-item-home mega-align-bottom-left mega-menu-flyout mega-menu-item-19160\" id=\"mega-menu-item-19160\"><a class=\"mega-menu-link\" href=\"https:\/\/countermelodypodcast.com\/\">Home<\/a><\/li><li class=\"mega-menu-item mega-menu-item-type-post_type mega-menu-item-object-page mega-align-bottom-left mega-menu-flyout mega-menu-item-19161\" id=\"mega-menu-item-19161\"><a class=\"mega-menu-link\" href=\"https:\/\/countermelodypodcast.com\/index.php\/about-daniel\/\">About Daniel<\/a><\/li><li class=\"mega-menu-item mega-menu-item-type-post_type mega-menu-item-object-page mega-current_page_parent mega-align-bottom-left mega-menu-flyout mega-menu-item-19171\" id=\"mega-menu-item-19171\"><a class=\"mega-menu-link\" href=\"https:\/\/countermelodypodcast.com\/index.php\/all-episodes\/\">All Episodes<\/a><\/li><\/ul><\/div>\n\n\n\n<h2 class=\"wp-block-heading\">Episode 59.  Rosanna Carteri In Memoriam<\/h2>\n\n\n\n<iframe loading=\"lazy\" width=\"340\" height=\"50\" src=\"https:\/\/countermelody.blubrry.net\/?powerpress_embed=215-podcast&amp;powerpress_player=mediaelement-audio\" frameborder=\"0\" scrolling=\"no\"><\/iframe>\n\n\n\n<div class=\"wp-block-columns is-layout-flex wp-container-core-columns-is-layout-9d6595d7 wp-block-columns-is-layout-flex\">\n<div class=\"wp-block-column is-layout-flow wp-block-column-is-layout-flow\">\n<p><strong>SOCIAL SHARE<\/strong><\/p>\n<\/div>\n\n\n\n<div class=\"wp-block-column is-layout-flow wp-block-column-is-layout-flow\">\n<p class=\"has-text-align-right\"><strong>SUBSCRIPTION PLATFORM<\/strong><\/p>\n<\/div>\n<\/div>\n\n\n\n<div class=\"wp-block-columns is-layout-flex wp-container-core-columns-is-layout-9d6595d7 wp-block-columns-is-layout-flex\">\n<div class=\"wp-block-column is-layout-flow wp-block-column-is-layout-flow\"><\/div>\n\n\n\n<div class=\"wp-block-column is-layout-flow wp-block-column-is-layout-flow\">\n<div class=\"wp-block-buttons alignleft is-layout-flex wp-block-buttons-is-layout-flex\">\n<div class=\"wp-block-button alignright\"><a class=\"wp-block-button__link no-border-radius\" href=\"https:\/\/countermelody.blubrry.net\/\">SUBSCRIBE VIA YOUR FAVORITE PODCAST PLATFORM<\/a><\/div>\n<\/div>\n<\/div>\n<\/div>\n\n\n\n<div style=\"height:100px\" aria-hidden=\"true\" class=\"wp-block-spacer\"><\/div>\n\n\n\n<div class=\"wp-block-image\"><figure class=\"aligncenter size-large\"><img loading=\"lazy\" decoding=\"async\" width=\"406\" height=\"500\" src=\"https:\/\/countermelodypodcast.com\/wp-content\/uploads\/2020\/10\/Carteri.jpg\" alt=\"\" class=\"wp-image-5962\" srcset=\"https:\/\/countermelodypodcast.com\/wp-content\/uploads\/2020\/10\/Carteri.jpg 406w, https:\/\/countermelodypodcast.com\/wp-content\/uploads\/2020\/10\/Carteri-244x300.jpg 244w\" sizes=\"auto, (max-width: 406px) 100vw, 406px\" \/><\/figure><\/div>\n\n\n\n<div style=\"height:38px\" aria-hidden=\"true\" class=\"wp-block-spacer\"><\/div>\n\n\n\n<p>I had been planning a 90th birthday tribute to this extraordinary artist in December, but alas, the great Rosanna Carteri departed this earth a week ago today, just a few weeks short of that landmark celebration. But let us celebrate today nonetheless, that this long-lived artist, who abandoned her performing career in 1966 when she was only 35 years old, brought her full-throated voice and impeccable artistry to operatic stages around the world for fifteen exceptional years. Carteri\u2019s was a lyric yet full-bodied voice with facility that allowed her to undertake soubrette parts as well as some <em>spinto<\/em> roles. I feature extended examples of her versatility over the course of that entire career, including excerpts from <em>La traviata<\/em>, <em>La boh\u00e8me<\/em>, <em>La rondine<\/em>, <em>Guglielmo Tell<\/em>, <em>Falstaff<\/em>, <em>L\u2019elisir d\u2019amore<\/em>, <em>Madama Butterfly<\/em>, <em>Rom\u00e9o et Juliette<\/em>, <em>Otello<\/em>, Pietro Mascagni\u2019s <em>L\u2019amico Fritz<\/em> and <em>Iris<\/em>, Prokofiev\u2019s <em>War and Peace<\/em> (the final version of which she created in Florence in 1954), the premiere recording of Poulenc\u2019s <em>Gloria<\/em> and Gilbert B\u00e9caud\u2019s <em>Op\u00e9ra d\u2019Aran<\/em> (which she premiered in Paris in 1962). These operas represent just a fraction of her repertoire, in which are featured, among others, Giuseppe di Stefano, Nicolai Gedda, Leonard Warren, Carlo Bergonzi, Ettore Bastianini, Ferruccio Tagliavini, Giuseppe Taddei, Cesare Valletti, and Giuseppe Gismondo and conductors Tullio Serafin, Pierre Monteux, Vittorio Gui, Georges Pr\u00eatre, Gabriele Santini, and Artur Rodzinski. In other words, the <em>cr\u00e8me de la cr\u00e8me <\/em>of the operatic firmament in the 1950s and 1960s, in which company Carteri most emphatically belonged.<\/p>\n\n\n\n<div style=\"height:47px\" aria-hidden=\"true\" class=\"wp-block-spacer\"><\/div>\n\n\n\n<div class=\"wp-block-image\"><figure class=\"aligncenter size-large is-resized\"><img loading=\"lazy\" decoding=\"async\" src=\"https:\/\/countermelodypodcast.com\/wp-content\/uploads\/2020\/11\/Radio-and-TV-Magazine.jpg\" alt=\"\" class=\"wp-image-5981\" width=\"556\" height=\"709\" srcset=\"https:\/\/countermelodypodcast.com\/wp-content\/uploads\/2020\/11\/Radio-and-TV-Magazine.jpg 740w, https:\/\/countermelodypodcast.com\/wp-content\/uploads\/2020\/11\/Radio-and-TV-Magazine-235x300.jpg 235w\" sizes=\"auto, (max-width: 556px) 100vw, 556px\" \/><\/figure><\/div>\n\n\n\n<div style=\"height:51px\" aria-hidden=\"true\" class=\"wp-block-spacer\"><\/div>\n\n\n\n<p class=\"has-custom-size\" style=\"font-size:30px\"><strong> RECORDINGS HEARD IN THIS EPISODE<\/strong><\/p>\n\n\n\n<div style=\"height:55px\" aria-hidden=\"true\" class=\"wp-block-spacer\"><\/div>\n\n\n\n<div class=\"wp-block-image\"><figure class=\"aligncenter size-large\"><img loading=\"lazy\" decoding=\"async\" width=\"578\" height=\"368\" src=\"https:\/\/countermelodypodcast.com\/wp-content\/uploads\/2020\/11\/Opera-dAran-premiere.jpg\" alt=\"\" class=\"wp-image-6002\" srcset=\"https:\/\/countermelodypodcast.com\/wp-content\/uploads\/2020\/11\/Opera-dAran-premiere.jpg 578w, https:\/\/countermelodypodcast.com\/wp-content\/uploads\/2020\/11\/Opera-dAran-premiere-300x191.jpg 300w\" sizes=\"auto, (max-width: 578px) 100vw, 578px\" \/><figcaption>Gilbert B\u00e9caud, Margherita Wallman, Rosanna Carteri, and Serge Baudo at the premiere of the <em>Op\u00e9ra<\/em> <em>d\u2019Aran<\/em><\/figcaption><\/figure><\/div>\n\n\n\n<div style=\"height:20px\" aria-hidden=\"true\" class=\"wp-block-spacer\"><\/div>\n\n\n\n<p>Gilbert B\u00e9caud, Louis Amade, Jacques Emmanuel, Pierre Delano\u00eb: Air de Maureen (<em>Op\u00e9ra d\u2019Aran<\/em>). Rosanna Carteri, Georges Pr\u00eatre, Orchestre de la Soci\u00e9t\u00e9 des Concerts du Conservatoire [1962 studio recording]<\/p>\n\n\n\n<figure class=\"wp-block-image size-large\"><img loading=\"lazy\" decoding=\"async\" width=\"844\" height=\"433\" src=\"https:\/\/countermelodypodcast.com\/wp-content\/uploads\/2020\/11\/Carteri-and-Alvino-Misciano-in-Opera-dAran-1.png\" alt=\"\" class=\"wp-image-6005\" srcset=\"https:\/\/countermelodypodcast.com\/wp-content\/uploads\/2020\/11\/Carteri-and-Alvino-Misciano-in-Opera-dAran-1.png 844w, https:\/\/countermelodypodcast.com\/wp-content\/uploads\/2020\/11\/Carteri-and-Alvino-Misciano-in-Opera-dAran-1-300x154.png 300w, https:\/\/countermelodypodcast.com\/wp-content\/uploads\/2020\/11\/Carteri-and-Alvino-Misciano-in-Opera-dAran-1-768x394.png 768w\" sizes=\"auto, (max-width: 844px) 100vw, 844px\" \/><figcaption>Rosanna Carteri and Alvino Misciano in Gilbert B\u00e9caud&#8217;s <em>Op\u00e9ra d\u2019Aran<\/em><\/figcaption><\/figure>\n\n\n\n<div style=\"height:100px\" aria-hidden=\"true\" class=\"wp-block-spacer\"><\/div>\n\n\n\n<figure class=\"wp-block-gallery columns-2 is-cropped wp-block-gallery-1\"><ul class=\"blocks-gallery-grid\"><li class=\"blocks-gallery-item\"><figure><img loading=\"lazy\" decoding=\"async\" width=\"626\" height=\"398\" src=\"https:\/\/countermelodypodcast.com\/wp-content\/uploads\/2020\/11\/Figaro-1.png\" alt=\"\" data-id=\"6006\" data-link=\"https:\/\/countermelodypodcast.com\/episode-59-rosanna-carteri\/figaro-1\/\" class=\"wp-image-6006\" srcset=\"https:\/\/countermelodypodcast.com\/wp-content\/uploads\/2020\/11\/Figaro-1.png 626w, https:\/\/countermelodypodcast.com\/wp-content\/uploads\/2020\/11\/Figaro-1-300x191.png 300w\" sizes=\"auto, (max-width: 626px) 100vw, 626px\" \/><\/figure><\/li><li class=\"blocks-gallery-item\"><figure><img loading=\"lazy\" decoding=\"async\" width=\"614\" height=\"424\" src=\"https:\/\/countermelodypodcast.com\/wp-content\/uploads\/2020\/11\/Figaro-2.png\" alt=\"\" data-id=\"6008\" data-full-url=\"https:\/\/countermelodypodcast.com\/wp-content\/uploads\/2020\/11\/Figaro-2.png\" data-link=\"https:\/\/countermelodypodcast.com\/episode-59-rosanna-carteri\/figaro-2\/\" class=\"wp-image-6008\" srcset=\"https:\/\/countermelodypodcast.com\/wp-content\/uploads\/2020\/11\/Figaro-2.png 614w, https:\/\/countermelodypodcast.com\/wp-content\/uploads\/2020\/11\/Figaro-2-300x207.png 300w\" sizes=\"auto, (max-width: 614px) 100vw, 614px\" \/><\/figure><\/li><li class=\"blocks-gallery-item\"><figure><img loading=\"lazy\" decoding=\"async\" width=\"626\" height=\"398\" src=\"https:\/\/countermelodypodcast.com\/wp-content\/uploads\/2020\/11\/Figaro-3-1.png\" alt=\"\" data-id=\"6009\" data-full-url=\"https:\/\/countermelodypodcast.com\/wp-content\/uploads\/2020\/11\/Figaro-3-1.png\" data-link=\"https:\/\/countermelodypodcast.com\/episode-59-rosanna-carteri\/figaro-3-1\/\" class=\"wp-image-6009\" srcset=\"https:\/\/countermelodypodcast.com\/wp-content\/uploads\/2020\/11\/Figaro-3-1.png 626w, https:\/\/countermelodypodcast.com\/wp-content\/uploads\/2020\/11\/Figaro-3-1-300x191.png 300w\" sizes=\"auto, (max-width: 626px) 100vw, 626px\" \/><\/figure><\/li><li class=\"blocks-gallery-item\"><figure><img loading=\"lazy\" decoding=\"async\" width=\"620\" height=\"395\" src=\"https:\/\/countermelodypodcast.com\/wp-content\/uploads\/2020\/11\/Figaro-4.png\" alt=\"\" data-id=\"6010\" data-full-url=\"https:\/\/countermelodypodcast.com\/wp-content\/uploads\/2020\/11\/Figaro-4.png\" data-link=\"https:\/\/countermelodypodcast.com\/episode-59-rosanna-carteri\/figaro-4\/\" class=\"wp-image-6010\" srcset=\"https:\/\/countermelodypodcast.com\/wp-content\/uploads\/2020\/11\/Figaro-4.png 620w, https:\/\/countermelodypodcast.com\/wp-content\/uploads\/2020\/11\/Figaro-4-300x191.png 300w\" sizes=\"auto, (max-width: 620px) 100vw, 620px\" \/><\/figure><\/li><\/ul><figcaption class=\"blocks-gallery-caption is-layout-flex wp-block-gallery-is-layout-flex\">Carteri as Susanna in the 1956 RAI film of <em>Le nozze di Figaro<\/em><\/figcaption><\/figure>\n\n\n\n<div style=\"height:20px\" aria-hidden=\"true\" class=\"wp-block-spacer\"><\/div>\n\n\n\n<p>Wolfgang Amadeus Mozart: Deh, vieni, non tardar (<em>Le nozze di Figaro<\/em>). Rosanna Carteri, Nino Antonellini, Orchestra Sinfonica di Roma della RAI [radio recording 9 February 1953]<\/p>\n\n\n\n<div style=\"height:100px\" aria-hidden=\"true\" class=\"wp-block-spacer\"><\/div>\n\n\n\n<figure class=\"wp-block-image size-large\"><img loading=\"lazy\" decoding=\"async\" width=\"1024\" height=\"711\" src=\"https:\/\/countermelodypodcast.com\/wp-content\/uploads\/2020\/11\/Bastianini-1-1024x711.jpg\" alt=\"\" class=\"wp-image-6013\" srcset=\"https:\/\/countermelodypodcast.com\/wp-content\/uploads\/2020\/11\/Bastianini-1-1024x711.jpg 1024w, https:\/\/countermelodypodcast.com\/wp-content\/uploads\/2020\/11\/Bastianini-1-300x208.jpg 300w, https:\/\/countermelodypodcast.com\/wp-content\/uploads\/2020\/11\/Bastianini-1-768x533.jpg 768w, https:\/\/countermelodypodcast.com\/wp-content\/uploads\/2020\/11\/Bastianini-1.jpg 1421w\" sizes=\"auto, (max-width: 1024px) 100vw, 1024px\" \/><figcaption> Ettore Bastianini<\/figcaption><\/figure>\n\n\n\n<div style=\"height:20px\" aria-hidden=\"true\" class=\"wp-block-spacer\"><\/div>\n\n\n\n<p>Serge Prokofiev: Opening Scene (<em>Guerra e Pace<\/em>). Rosanna Carteri, Ettore Bastianini; Artur Rodzinski, Orchestra del Maggio Musicale Fiorentino [live Firenze 26 May 1953]<\/p>\n\n\n\n<div style=\"height:100px\" aria-hidden=\"true\" class=\"wp-block-spacer\"><\/div>\n\n\n\n<div class=\"wp-block-image\"><figure class=\"aligncenter size-large\"><img loading=\"lazy\" decoding=\"async\" width=\"362\" height=\"500\" src=\"https:\/\/countermelodypodcast.com\/wp-content\/uploads\/2020\/11\/Taddei-as-Falstaff.jpg\" alt=\"\" class=\"wp-image-6001\" srcset=\"https:\/\/countermelodypodcast.com\/wp-content\/uploads\/2020\/11\/Taddei-as-Falstaff.jpg 362w, https:\/\/countermelodypodcast.com\/wp-content\/uploads\/2020\/11\/Taddei-as-Falstaff-217x300.jpg 217w\" sizes=\"auto, (max-width: 362px) 100vw, 362px\" \/><figcaption>Giuseppe Taddei as Falstaff<\/figcaption><\/figure><\/div>\n\n\n\n<div style=\"height:20px\" aria-hidden=\"true\" class=\"wp-block-spacer\"><\/div>\n\n\n\n<p>Giuseppe Verdi: Fra poco s\u2019incomincia la commedia (<em>Falstaff<\/em>). Rosanna Carteri, Giuseppe Taddei, Lina Pagliughi, Amalia Pini, Anna Maria Canali; Mario Rossi, Orchestra Sinfonica di Torino della RAI [radio recording 2 October 1949]<\/p>\n\n\n\n<div style=\"height:100px\" aria-hidden=\"true\" class=\"wp-block-spacer\"><\/div>\n\n\n\n<div class=\"wp-block-image\"><figure class=\"aligncenter size-large\"><img loading=\"lazy\" decoding=\"async\" width=\"406\" height=\"500\" src=\"https:\/\/countermelodypodcast.com\/wp-content\/uploads\/2020\/11\/Adina-1955.jpg\" alt=\"\" class=\"wp-image-5998\" srcset=\"https:\/\/countermelodypodcast.com\/wp-content\/uploads\/2020\/11\/Adina-1955.jpg 406w, https:\/\/countermelodypodcast.com\/wp-content\/uploads\/2020\/11\/Adina-1955-244x300.jpg 244w\" sizes=\"auto, (max-width: 406px) 100vw, 406px\" \/><figcaption>Rosanna Carteri as Adina in <em>L&#8217;elisir d&#8217;amore<\/em><\/figcaption><\/figure><\/div>\n\n\n\n<div style=\"height:20px\" aria-hidden=\"true\" class=\"wp-block-spacer\"><\/div>\n\n\n\n<p>Gaetano Donizetti: Prendi, per me sei libero (<em>L\u2019elisir d\u2019amore<\/em>). Rosanna Carteri; Nino Sanzogno, Orchestra del Teatro alla Scala [live Edinburgh 23 August 1957]<\/p>\n\n\n\n<div style=\"height:100px\" aria-hidden=\"true\" class=\"wp-block-spacer\"><\/div>\n\n\n\n<div class=\"wp-block-image\"><figure class=\"aligncenter size-large\"><img loading=\"lazy\" decoding=\"async\" width=\"456\" height=\"639\" src=\"https:\/\/countermelodypodcast.com\/wp-content\/uploads\/2020\/11\/With-pearls.jpeg\" alt=\"\" class=\"wp-image-6000\" srcset=\"https:\/\/countermelodypodcast.com\/wp-content\/uploads\/2020\/11\/With-pearls.jpeg 456w, https:\/\/countermelodypodcast.com\/wp-content\/uploads\/2020\/11\/With-pearls-214x300.jpeg 214w\" sizes=\"auto, (max-width: 456px) 100vw, 456px\" \/><\/figure><\/div>\n\n\n\n<p>Gioacchino Rossini: Selva opaca (<em>Guglielmo Tell<\/em>). Rosanna Carteri; Mario Rossi, Orchestra Sinfonica di Torino della RAI [radio recording 13 November 1951]<\/p>\n\n\n\n<div style=\"height:100px\" aria-hidden=\"true\" class=\"wp-block-spacer\"><\/div>\n\n\n\n<div class=\"wp-block-image\"><figure class=\"aligncenter size-large\"><img loading=\"lazy\" decoding=\"async\" width=\"322\" height=\"481\" src=\"https:\/\/countermelodypodcast.com\/wp-content\/uploads\/2020\/11\/Valletti.jpg\" alt=\"\" class=\"wp-image-5997\" srcset=\"https:\/\/countermelodypodcast.com\/wp-content\/uploads\/2020\/11\/Valletti.jpg 322w, https:\/\/countermelodypodcast.com\/wp-content\/uploads\/2020\/11\/Valletti-201x300.jpg 201w\" sizes=\"auto, (max-width: 322px) 100vw, 322px\" \/><figcaption>Cesare Valletti as Nemorino in <em>L&#8217;elisir d&#8217;amore<\/em><\/figcaption><\/figure><\/div>\n\n\n\n<div style=\"height:20px\" aria-hidden=\"true\" class=\"wp-block-spacer\"><\/div>\n\n\n\n<p>Pietro Mascagni: Suzel, buon d\u00ec (<em>L\u2019amico Fritz<\/em>). Rosanna Carteri, Cesare Valletti; Vittorio Gui, Orchestra Sinfonica di Milano della RAI [radio recording 24 April 1953]<\/p>\n\n\n\n<div style=\"height:100px\" aria-hidden=\"true\" class=\"wp-block-spacer\"><\/div>\n\n\n\n<div class=\"wp-block-image\"><figure class=\"aligncenter size-large is-resized\"><img loading=\"lazy\" decoding=\"async\" src=\"https:\/\/countermelodypodcast.com\/wp-content\/uploads\/2020\/11\/Di-Stefano-796x1024.jpg\" alt=\"\" class=\"wp-image-5994\" width=\"434\" height=\"558\" srcset=\"https:\/\/countermelodypodcast.com\/wp-content\/uploads\/2020\/11\/Di-Stefano-796x1024.jpg 796w, https:\/\/countermelodypodcast.com\/wp-content\/uploads\/2020\/11\/Di-Stefano-233x300.jpg 233w, https:\/\/countermelodypodcast.com\/wp-content\/uploads\/2020\/11\/Di-Stefano-768x988.jpg 768w, https:\/\/countermelodypodcast.com\/wp-content\/uploads\/2020\/11\/Di-Stefano.jpg 936w\" sizes=\"auto, (max-width: 434px) 100vw, 434px\" \/><figcaption>Giuseppe di Stefano<\/figcaption><\/figure><\/div>\n\n\n\n<div style=\"height:20px\" aria-hidden=\"true\" class=\"wp-block-spacer\"><\/div>\n\n\n\n<p>Pietro Mascagni: Ah! I tuoi cappelli (<em>Iris<\/em>). Rosanna Carteri, Giuseppe di Stefano; Antonio Tonini, Sinfonica di Milano [1957 studio recording]<\/p>\n\n\n\n<div style=\"height:100px\" aria-hidden=\"true\" class=\"wp-block-spacer\"><\/div>\n\n\n\n<div class=\"wp-block-image\"><figure class=\"aligncenter size-large\"><img loading=\"lazy\" decoding=\"async\" width=\"606\" height=\"467\" src=\"https:\/\/countermelodypodcast.com\/wp-content\/uploads\/2020\/11\/Operetta-still-1.png\" alt=\"\" class=\"wp-image-5993\" srcset=\"https:\/\/countermelodypodcast.com\/wp-content\/uploads\/2020\/11\/Operetta-still-1.png 606w, https:\/\/countermelodypodcast.com\/wp-content\/uploads\/2020\/11\/Operetta-still-1-300x231.png 300w\" sizes=\"auto, (max-width: 606px) 100vw, 606px\" \/><\/figure><\/div>\n\n\n\n<p>Giuseppe Pietri: Addio alla colomba (<em>Prima Rosa<\/em>). Rosanna Carteri [further information unknown]<\/p>\n\n\n\n<div style=\"height:100px\" aria-hidden=\"true\" class=\"wp-block-spacer\"><\/div>\n\n\n\n<div class=\"wp-block-image\"><figure class=\"aligncenter size-large\"><img loading=\"lazy\" decoding=\"async\" width=\"267\" height=\"322\" src=\"https:\/\/countermelodypodcast.com\/wp-content\/uploads\/2020\/11\/Carteri-Gloria-trimmed.jpg\" alt=\"\" class=\"wp-image-5991\" srcset=\"https:\/\/countermelodypodcast.com\/wp-content\/uploads\/2020\/11\/Carteri-Gloria-trimmed.jpg 267w, https:\/\/countermelodypodcast.com\/wp-content\/uploads\/2020\/11\/Carteri-Gloria-trimmed-249x300.jpg 249w\" sizes=\"auto, (max-width: 267px) 100vw, 267px\" \/><\/figure><\/div>\n\n\n\n<p>Francis Poulenc: Domine Deus, Agnus Dei (<em>Gloria<\/em>). Rosanna Carteri; Georges Pr\u00eatre, Orchestre National et Ch\u0153urs de l\u2019ORTF [1961 studio recording; recorded in the presence of the composer]<\/p>\n\n\n\n<div style=\"height:100px\" aria-hidden=\"true\" class=\"wp-block-spacer\"><\/div>\n\n\n\n<div class=\"wp-block-image\"><figure class=\"aligncenter size-large\"><img loading=\"lazy\" decoding=\"async\" width=\"410\" height=\"532\" src=\"https:\/\/countermelodypodcast.com\/wp-content\/uploads\/2020\/11\/Gedda-Romeo.jpg\" alt=\"\" class=\"wp-image-5992\" srcset=\"https:\/\/countermelodypodcast.com\/wp-content\/uploads\/2020\/11\/Gedda-Romeo.jpg 410w, https:\/\/countermelodypodcast.com\/wp-content\/uploads\/2020\/11\/Gedda-Romeo-231x300.jpg 231w\" sizes=\"auto, (max-width: 410px) 100vw, 410px\" \/><figcaption>Nicolai Gedda as Rom\u00e9o<\/figcaption><\/figure><\/div>\n\n\n\n<div style=\"height:20px\" aria-hidden=\"true\" class=\"wp-block-spacer\"><\/div>\n\n\n\n<p>Charles Gounod; Rom\u00e9o, qu\u2019as tu donc? (<em>Rom\u00e9o et Juliette<\/em>), Rosanna Carteri, Nicolai Gedda; Georges Pr\u00eatre, Orchestre du Th\u00e9\u00e2tre National de l\u2019Op\u00e9ra de Paris [1964 studio recording]<\/p>\n\n\n\n<div style=\"height:100px\" aria-hidden=\"true\" class=\"wp-block-spacer\"><\/div>\n\n\n\n<figure class=\"wp-block-image size-large\"><img loading=\"lazy\" decoding=\"async\" width=\"717\" height=\"890\" src=\"https:\/\/countermelodypodcast.com\/wp-content\/uploads\/2020\/11\/Tagliavini-as-Rodolfo-1.jpg\" alt=\"\" class=\"wp-image-5988\" srcset=\"https:\/\/countermelodypodcast.com\/wp-content\/uploads\/2020\/11\/Tagliavini-as-Rodolfo-1.jpg 717w, https:\/\/countermelodypodcast.com\/wp-content\/uploads\/2020\/11\/Tagliavini-as-Rodolfo-1-242x300.jpg 242w\" sizes=\"auto, (max-width: 717px) 100vw, 717px\" \/><figcaption>Ferruccio Tagliavini as Rodolfo<\/figcaption><\/figure>\n\n\n\n<div style=\"height:20px\" aria-hidden=\"true\" class=\"wp-block-spacer\"><\/div>\n\n\n\n<p>Giacomo Puccini: Sono andati? (<em>La boh\u00e8me<\/em>). Rosanna Carteri, Ferruccio Tagliavini, Giuseppe Taddei, Cesare Siepi, Pier Luigi Latinucci, Elvira Ramella; Gabriele Santini, Orchestra Sinfonica di Torino della RAI [1952 radio recording]<\/p>\n\n\n\n<div style=\"height:20px\" aria-hidden=\"true\" class=\"wp-block-spacer\"><\/div>\n\n\n\n<div class=\"wp-block-image\"><figure class=\"aligncenter size-large\"><img loading=\"lazy\" decoding=\"async\" width=\"480\" height=\"391\" src=\"https:\/\/countermelodypodcast.com\/wp-content\/uploads\/2020\/11\/Carteri-Bjoerling.jpg\" alt=\"\" class=\"wp-image-5989\" srcset=\"https:\/\/countermelodypodcast.com\/wp-content\/uploads\/2020\/11\/Carteri-Bjoerling.jpg 480w, https:\/\/countermelodypodcast.com\/wp-content\/uploads\/2020\/11\/Carteri-Bjoerling-300x244.jpg 300w\" sizes=\"auto, (max-width: 480px) 100vw, 480px\" \/><figcaption>Rosanna Carteri and Jussi Bj\u00f6rling in <em>La <em>boh\u00e8me<\/em><\/em>, Covent Garden 1960<\/figcaption><\/figure><\/div>\n\n\n\n<div style=\"height:100px\" aria-hidden=\"true\" class=\"wp-block-spacer\"><\/div>\n\n\n\n<figure class=\"wp-block-gallery columns-2 is-cropped wp-block-gallery-2\"><ul class=\"blocks-gallery-grid\"><li class=\"blocks-gallery-item\"><figure><img loading=\"lazy\" decoding=\"async\" width=\"180\" height=\"280\" src=\"https:\/\/countermelodypodcast.com\/wp-content\/uploads\/2020\/11\/GGismondo.jpg\" alt=\"\" data-id=\"5979\" class=\"wp-image-5979\"\/><\/figure><\/li><li class=\"blocks-gallery-item\"><figure><img loading=\"lazy\" decoding=\"async\" width=\"264\" height=\"316\" src=\"https:\/\/countermelodypodcast.com\/wp-content\/uploads\/2020\/11\/Rondine.jpg\" alt=\"\" data-id=\"5982\" data-full-url=\"https:\/\/countermelodypodcast.com\/wp-content\/uploads\/2020\/11\/Rondine.jpg\" data-link=\"https:\/\/countermelodypodcast.com\/episode-59-rosanna-carteri\/rondine\/\" class=\"wp-image-5982 is-layout-flex wp-block-gallery-is-layout-flex\" srcset=\"https:\/\/countermelodypodcast.com\/wp-content\/uploads\/2020\/11\/Rondine.jpg 264w, https:\/\/countermelodypodcast.com\/wp-content\/uploads\/2020\/11\/Rondine-251x300.jpg 251w\" sizes=\"auto, (max-width: 264px) 100vw, 264px\" \/><\/figure><\/li><\/ul><\/figure>\n\n\n\n<p>Giacomo Puccini: Nella tua casa io non posso entrar (<em>La Rondine<\/em>). Rosanna Carteri, Giuseppe Gismondo; Vincenzo Bellezza, Orchestra del Teatro San Carlo di Napoli [live Napoli 26 January 1958]<\/p>\n\n\n\n<div style=\"height:100px\" aria-hidden=\"true\" class=\"wp-block-spacer\"><\/div>\n\n\n\n<div class=\"wp-block-image\"><figure class=\"aligncenter size-large\"><img loading=\"lazy\" decoding=\"async\" width=\"319\" height=\"400\" src=\"https:\/\/countermelodypodcast.com\/wp-content\/uploads\/2020\/11\/Bergonzi-as-Pinkerton.jpg\" alt=\"\" class=\"wp-image-5976\" srcset=\"https:\/\/countermelodypodcast.com\/wp-content\/uploads\/2020\/11\/Bergonzi-as-Pinkerton.jpg 319w, https:\/\/countermelodypodcast.com\/wp-content\/uploads\/2020\/11\/Bergonzi-as-Pinkerton-239x300.jpg 239w\" sizes=\"auto, (max-width: 319px) 100vw, 319px\" \/><figcaption>Carlo Bergonzi as Pinkerton<\/figcaption><\/figure><\/div>\n\n\n\n<div style=\"height:20px\" aria-hidden=\"true\" class=\"wp-block-spacer\"><\/div>\n\n\n\n<p>Giacomo Puccini: Vogliatemi bene (<em>Madama Butterfly<\/em>). Rosanna Carteri, Carlo Bergonzi; Massimo Pradella, Orchestra Sinfonica di Torino della RAI [radio recording 30 January 1960]<\/p>\n\n\n\n<div style=\"height:100px\" aria-hidden=\"true\" class=\"wp-block-spacer\"><\/div>\n\n\n\n<div class=\"wp-block-image\"><figure class=\"aligncenter size-large\"><img loading=\"lazy\" decoding=\"async\" width=\"564\" height=\"568\" src=\"https:\/\/countermelodypodcast.com\/wp-content\/uploads\/2020\/11\/Carteri-and-Warren-backstage-at-Scala-before-Rigoletto.jpg\" alt=\"\" class=\"wp-image-5971\" srcset=\"https:\/\/countermelodypodcast.com\/wp-content\/uploads\/2020\/11\/Carteri-and-Warren-backstage-at-Scala-before-Rigoletto.jpg 564w, https:\/\/countermelodypodcast.com\/wp-content\/uploads\/2020\/11\/Carteri-and-Warren-backstage-at-Scala-before-Rigoletto-298x300.jpg 298w, https:\/\/countermelodypodcast.com\/wp-content\/uploads\/2020\/11\/Carteri-and-Warren-backstage-at-Scala-before-Rigoletto-150x150.jpg 150w\" sizes=\"auto, (max-width: 564px) 100vw, 564px\" \/><figcaption>Rosanna Carteri and Leonard Warren backstage at La Scala before a <em>Rigoletto<\/em> performance, 1953<\/figcaption><\/figure><\/div>\n\n\n\n<div style=\"height:20px\" aria-hidden=\"true\" class=\"wp-block-spacer\"><\/div>\n\n\n\n<p>Giuseppe Verdi: Imponete (<em>La traviata<\/em>). Rosanna Carteri, Leonard Warren; Pierre Monteux, Orchestra dell\u2019Opera di Roma) [1956 studio recording]<\/p>\n\n\n\n<div class=\"wp-block-image\"><figure class=\"aligncenter size-large\"><img loading=\"lazy\" decoding=\"async\" width=\"1024\" height=\"640\" src=\"https:\/\/countermelodypodcast.com\/wp-content\/uploads\/2020\/11\/As-Violetta-1024x640.jpeg\" alt=\"\" class=\"wp-image-5995\" srcset=\"https:\/\/countermelodypodcast.com\/wp-content\/uploads\/2020\/11\/As-Violetta-1024x640.jpeg 1024w, https:\/\/countermelodypodcast.com\/wp-content\/uploads\/2020\/11\/As-Violetta-300x188.jpeg 300w, https:\/\/countermelodypodcast.com\/wp-content\/uploads\/2020\/11\/As-Violetta-768x480.jpeg 768w, https:\/\/countermelodypodcast.com\/wp-content\/uploads\/2020\/11\/As-Violetta-1536x960.jpeg 1536w, https:\/\/countermelodypodcast.com\/wp-content\/uploads\/2020\/11\/As-Violetta-2048x1280.jpeg 2048w, https:\/\/countermelodypodcast.com\/wp-content\/uploads\/2020\/11\/As-Violetta-1600x1000.jpeg 1600w\" sizes=\"auto, (max-width: 1024px) 100vw, 1024px\" \/><\/figure><\/div>\n\n\n\n<div style=\"height:100px\" aria-hidden=\"true\" class=\"wp-block-spacer\"><\/div>\n\n\n\n<figure class=\"wp-block-gallery columns-2 is-cropped wp-block-gallery-3\"><ul class=\"blocks-gallery-grid\"><li class=\"blocks-gallery-item\"><figure><img loading=\"lazy\" decoding=\"async\" width=\"634\" height=\"484\" src=\"https:\/\/countermelodypodcast.com\/wp-content\/uploads\/2020\/11\/Desdemona-still-3.png\" alt=\"\" data-id=\"5969\" data-full-url=\"https:\/\/countermelodypodcast.com\/wp-content\/uploads\/2020\/11\/Desdemona-still-3.png\" data-link=\"https:\/\/countermelodypodcast.com\/episode-59-rosanna-carteri\/desdemona-still-3\/\" class=\"wp-image-5969\" srcset=\"https:\/\/countermelodypodcast.com\/wp-content\/uploads\/2020\/11\/Desdemona-still-3.png 634w, https:\/\/countermelodypodcast.com\/wp-content\/uploads\/2020\/11\/Desdemona-still-3-300x229.png 300w\" sizes=\"auto, (max-width: 634px) 100vw, 634px\" \/><\/figure><\/li><li class=\"blocks-gallery-item\"><figure><img loading=\"lazy\" decoding=\"async\" width=\"417\" height=\"377\" src=\"https:\/\/countermelodypodcast.com\/wp-content\/uploads\/2020\/11\/Desdemona-still-9.png\" alt=\"\" data-id=\"5973\" data-full-url=\"https:\/\/countermelodypodcast.com\/wp-content\/uploads\/2020\/11\/Desdemona-still-9.png\" data-link=\"https:\/\/countermelodypodcast.com\/episode-59-rosanna-carteri\/desdemona-still-9\/\" class=\"wp-image-5973\" srcset=\"https:\/\/countermelodypodcast.com\/wp-content\/uploads\/2020\/11\/Desdemona-still-9.png 417w, https:\/\/countermelodypodcast.com\/wp-content\/uploads\/2020\/11\/Desdemona-still-9-300x271.png 300w\" sizes=\"auto, (max-width: 417px) 100vw, 417px\" \/><\/figure><\/li><li class=\"blocks-gallery-item\"><figure><img loading=\"lazy\" decoding=\"async\" width=\"432\" height=\"386\" src=\"https:\/\/countermelodypodcast.com\/wp-content\/uploads\/2020\/11\/Desdemona-still-12.png\" alt=\"\" data-id=\"5974\" data-full-url=\"https:\/\/countermelodypodcast.com\/wp-content\/uploads\/2020\/11\/Desdemona-still-12.png\" data-link=\"https:\/\/countermelodypodcast.com\/episode-59-rosanna-carteri\/desdemona-still-12\/\" class=\"wp-image-5974\" srcset=\"https:\/\/countermelodypodcast.com\/wp-content\/uploads\/2020\/11\/Desdemona-still-12.png 432w, https:\/\/countermelodypodcast.com\/wp-content\/uploads\/2020\/11\/Desdemona-still-12-300x268.png 300w\" sizes=\"auto, (max-width: 432px) 100vw, 432px\" \/><\/figure><\/li><li class=\"blocks-gallery-item\"><figure><img loading=\"lazy\" decoding=\"async\" width=\"439\" height=\"393\" src=\"https:\/\/countermelodypodcast.com\/wp-content\/uploads\/2020\/11\/Desdemona-still-28.png\" alt=\"\" data-id=\"5978\" data-full-url=\"https:\/\/countermelodypodcast.com\/wp-content\/uploads\/2020\/11\/Desdemona-still-28.png\" data-link=\"https:\/\/countermelodypodcast.com\/episode-59-rosanna-carteri\/desdemona-still-28\/\" class=\"wp-image-5978\" srcset=\"https:\/\/countermelodypodcast.com\/wp-content\/uploads\/2020\/11\/Desdemona-still-28.png 439w, https:\/\/countermelodypodcast.com\/wp-content\/uploads\/2020\/11\/Desdemona-still-28-300x269.png 300w\" sizes=\"auto, (max-width: 439px) 100vw, 439px\" \/><\/figure><\/li><\/ul><figcaption class=\"blocks-gallery-caption is-layout-flex wp-block-gallery-is-layout-flex\">Stills of Rosanna Carteri as Desdemona in the 1958 film of <em>Otello<\/em><\/figcaption><\/figure>\n\n\n\n<div style=\"height:20px\" aria-hidden=\"true\" class=\"wp-block-spacer\"><\/div>\n\n\n\n<p>Giuseppe Verdi: Piangea cantando&#8230; Ave Maria (<em>Otello<\/em>). Rosanna Carteri, Luisella Ciaffi-Ricagno; Tullio Serafin, Orchestra Sinfonica di Milano della RAI [soundtrack to film, recorded Milano 20 September 1958]<\/p>\n\n\n\n<div style=\"height:20px\" aria-hidden=\"true\" class=\"wp-block-spacer\"><\/div>\n\n\n\n<div class=\"wp-block-image\"><figure class=\"aligncenter size-large\"><img loading=\"lazy\" decoding=\"async\" width=\"658\" height=\"895\" src=\"https:\/\/countermelodypodcast.com\/wp-content\/uploads\/2020\/11\/As-Desdemona.jpg\" alt=\"\" class=\"wp-image-5999\" srcset=\"https:\/\/countermelodypodcast.com\/wp-content\/uploads\/2020\/11\/As-Desdemona.jpg 658w, https:\/\/countermelodypodcast.com\/wp-content\/uploads\/2020\/11\/As-Desdemona-221x300.jpg 221w\" sizes=\"auto, (max-width: 658px) 100vw, 658px\" \/><\/figure><\/div>\n\n\n\n<div style=\"height:100px\" aria-hidden=\"true\" class=\"wp-block-spacer\"><\/div>\n\n\n\n<figure class=\"wp-block-gallery columns-3 is-cropped wp-block-gallery-4\"><ul class=\"blocks-gallery-grid\"><li class=\"blocks-gallery-item\"><figure><img loading=\"lazy\" decoding=\"async\" width=\"413\" height=\"477\" src=\"https:\/\/countermelodypodcast.com\/wp-content\/uploads\/2020\/11\/Elderly-Carteri-with-out-of-focus-flowers-03.png\" alt=\"\" data-id=\"5983\" data-full-url=\"https:\/\/countermelodypodcast.com\/wp-content\/uploads\/2020\/11\/Elderly-Carteri-with-out-of-focus-flowers-03.png\" data-link=\"https:\/\/countermelodypodcast.com\/episode-59-rosanna-carteri\/elderly-carteri-with-out-of-focus-flowers-03\/\" class=\"wp-image-5983\" srcset=\"https:\/\/countermelodypodcast.com\/wp-content\/uploads\/2020\/11\/Elderly-Carteri-with-out-of-focus-flowers-03.png 413w, https:\/\/countermelodypodcast.com\/wp-content\/uploads\/2020\/11\/Elderly-Carteri-with-out-of-focus-flowers-03-260x300.png 260w\" sizes=\"auto, (max-width: 413px) 100vw, 413px\" \/><\/figure><\/li><li class=\"blocks-gallery-item\"><figure><img loading=\"lazy\" decoding=\"async\" width=\"709\" height=\"485\" src=\"https:\/\/countermelodypodcast.com\/wp-content\/uploads\/2020\/11\/Elderly-Carteri-with-out-of-focus-flowers-12.png\" alt=\"\" data-id=\"5984\" data-full-url=\"https:\/\/countermelodypodcast.com\/wp-content\/uploads\/2020\/11\/Elderly-Carteri-with-out-of-focus-flowers-12.png\" data-link=\"https:\/\/countermelodypodcast.com\/episode-59-rosanna-carteri\/elderly-carteri-with-out-of-focus-flowers-12\/\" class=\"wp-image-5984\" srcset=\"https:\/\/countermelodypodcast.com\/wp-content\/uploads\/2020\/11\/Elderly-Carteri-with-out-of-focus-flowers-12.png 709w, https:\/\/countermelodypodcast.com\/wp-content\/uploads\/2020\/11\/Elderly-Carteri-with-out-of-focus-flowers-12-300x205.png 300w\" sizes=\"auto, (max-width: 709px) 100vw, 709px\" \/><\/figure><\/li><li class=\"blocks-gallery-item\"><figure><img loading=\"lazy\" decoding=\"async\" width=\"599\" height=\"482\" src=\"https:\/\/countermelodypodcast.com\/wp-content\/uploads\/2020\/11\/Elderly-Carteri-with-out-of-focus-flowers-13.png\" alt=\"\" data-id=\"5985\" data-full-url=\"https:\/\/countermelodypodcast.com\/wp-content\/uploads\/2020\/11\/Elderly-Carteri-with-out-of-focus-flowers-13.png\" data-link=\"https:\/\/countermelodypodcast.com\/episode-59-rosanna-carteri\/elderly-carteri-with-out-of-focus-flowers-13\/\" class=\"wp-image-5985\" srcset=\"https:\/\/countermelodypodcast.com\/wp-content\/uploads\/2020\/11\/Elderly-Carteri-with-out-of-focus-flowers-13.png 599w, https:\/\/countermelodypodcast.com\/wp-content\/uploads\/2020\/11\/Elderly-Carteri-with-out-of-focus-flowers-13-300x241.png 300w\" sizes=\"auto, (max-width: 599px) 100vw, 599px\" \/><\/figure><\/li><li class=\"blocks-gallery-item\"><figure><img loading=\"lazy\" decoding=\"async\" width=\"902\" height=\"655\" src=\"https:\/\/countermelodypodcast.com\/wp-content\/uploads\/2020\/11\/Elderly-Carteri.jpg\" alt=\"\" data-id=\"5986\" data-full-url=\"https:\/\/countermelodypodcast.com\/wp-content\/uploads\/2020\/11\/Elderly-Carteri.jpg\" data-link=\"https:\/\/countermelodypodcast.com\/episode-59-rosanna-carteri\/elderly-carteri\/\" class=\"wp-image-5986 is-layout-flex wp-block-gallery-is-layout-flex\" srcset=\"https:\/\/countermelodypodcast.com\/wp-content\/uploads\/2020\/11\/Elderly-Carteri.jpg 902w, https:\/\/countermelodypodcast.com\/wp-content\/uploads\/2020\/11\/Elderly-Carteri-300x218.jpg 300w, https:\/\/countermelodypodcast.com\/wp-content\/uploads\/2020\/11\/Elderly-Carteri-768x558.jpg 768w\" sizes=\"auto, (max-width: 902px) 100vw, 902px\" \/><\/figure><\/li><\/ul><\/figure>\n","protected":false},"excerpt":{"rendered":"<p>Episode 59. Rosanna Carteri In Memoriam SOCIAL SHARE SUBSCRIPTION PLATFORM I had been planning a 90th birthday tribute to this&hellip;<\/p>\n","protected":false},"author":1,"featured_media":5963,"comment_status":"open","ping_status":"open","sticky":false,"template":"","format":"standard","meta":{"advgb_blocks_editor_width":"","advgb_blocks_columns_visual_guide":"","footnotes":""},"categories":[1701,5823,1072,427],"tags":[2290,1980,2283,296,1260,2282,544,2291,376,390,94,2171,114,1712,2285,2284,207,2141,2293,1015,2288,59,2281,2286,2287,2292,2289],"class_list":["post-5954","post","type-post","status-publish","format-standard","has-post-thumbnail","hentry","category-bel-canto","category-forgotten-divas","category-in-memoriam","category-verismo","tag-artur-rodzinski","tag-carlo-bergonzi","tag-cesare-valletti","tag-charles-gounod","tag-ettore-bastianini","tag-ferruccio-tagliavini","tag-francis-poulenc","tag-gabriele-santini","tag-gaetano-donizetti","tag-georges-pretre","tag-giacomo-puccini","tag-gilbert-becaud","tag-gioacchino-rossini","tag-giuseppe-di-stefano","tag-giuseppe-gismondo","tag-giuseppe-taddei","tag-giuseppe-verdi","tag-leonard-warren","tag-mario-rossi","tag-nicolai-gedda","tag-pierre-monteux","tag-pietro-mascagni","tag-rosanna-carteri","tag-serge-prokofiev","tag-tullio-serafin","tag-vincenzo-bellezza","tag-vittorio-gui"],"author_meta":{"display_name":"admin","author_link":"https:\/\/countermelodypodcast.com\/index.php\/author\/admin\/"},"featured_img":"https:\/\/countermelodypodcast.com\/wp-content\/uploads\/2020\/10\/Carteri-pic-300x197.jpg","coauthors":[],"tax_additional":{"categories":{"linked":["<a href=\"https:\/\/countermelodypodcast.com\/index.php\/category\/bel-canto\/\" class=\"advgb-post-tax-term\">Bel Canto<\/a>","<a href=\"https:\/\/countermelodypodcast.com\/index.php\/category\/forgotten-divas\/\" class=\"advgb-post-tax-term\">Forgotten Divas<\/a>","<a href=\"https:\/\/countermelodypodcast.com\/index.php\/category\/in-memoriam\/\" class=\"advgb-post-tax-term\">In Memoriam<\/a>","<a href=\"https:\/\/countermelodypodcast.com\/index.php\/category\/verismo\/\" class=\"advgb-post-tax-term\">Verismo<\/a>"],"unlinked":["<span class=\"advgb-post-tax-term\">Bel Canto<\/span>","<span class=\"advgb-post-tax-term\">Forgotten Divas<\/span>","<span class=\"advgb-post-tax-term\">In Memoriam<\/span>","<span class=\"advgb-post-tax-term\">Verismo<\/span>"]},"tags":{"linked":["<a href=\"https:\/\/countermelodypodcast.com\/index.php\/category\/verismo\/\" class=\"advgb-post-tax-term\">Artur Rodzinski<\/a>","<a href=\"https:\/\/countermelodypodcast.com\/index.php\/category\/verismo\/\" class=\"advgb-post-tax-term\">Carlo Bergonzi<\/a>","<a href=\"https:\/\/countermelodypodcast.com\/index.php\/category\/verismo\/\" class=\"advgb-post-tax-term\">Cesare Valletti<\/a>","<a href=\"https:\/\/countermelodypodcast.com\/index.php\/category\/verismo\/\" class=\"advgb-post-tax-term\">Charles Gounod<\/a>","<a href=\"https:\/\/countermelodypodcast.com\/index.php\/category\/verismo\/\" class=\"advgb-post-tax-term\">Ettore Bastianini<\/a>","<a href=\"https:\/\/countermelodypodcast.com\/index.php\/category\/verismo\/\" class=\"advgb-post-tax-term\">Ferruccio Tagliavini<\/a>","<a href=\"https:\/\/countermelodypodcast.com\/index.php\/category\/verismo\/\" class=\"advgb-post-tax-term\">Francis Poulenc<\/a>","<a href=\"https:\/\/countermelodypodcast.com\/index.php\/category\/verismo\/\" class=\"advgb-post-tax-term\">Gabriele Santini<\/a>","<a href=\"https:\/\/countermelodypodcast.com\/index.php\/category\/verismo\/\" class=\"advgb-post-tax-term\">Gaetano Donizetti<\/a>","<a href=\"https:\/\/countermelodypodcast.com\/index.php\/category\/verismo\/\" class=\"advgb-post-tax-term\">Georges Pretre<\/a>","<a href=\"https:\/\/countermelodypodcast.com\/index.php\/category\/verismo\/\" class=\"advgb-post-tax-term\">Giacomo Puccini<\/a>","<a href=\"https:\/\/countermelodypodcast.com\/index.php\/category\/verismo\/\" class=\"advgb-post-tax-term\">Gilbert B\u00e9caud<\/a>","<a href=\"https:\/\/countermelodypodcast.com\/index.php\/category\/verismo\/\" class=\"advgb-post-tax-term\">Gioacchino Rossini<\/a>","<a href=\"https:\/\/countermelodypodcast.com\/index.php\/category\/verismo\/\" class=\"advgb-post-tax-term\">Giuseppe di Stefano<\/a>","<a href=\"https:\/\/countermelodypodcast.com\/index.php\/category\/verismo\/\" class=\"advgb-post-tax-term\">Giuseppe Gismondo<\/a>","<a href=\"https:\/\/countermelodypodcast.com\/index.php\/category\/verismo\/\" class=\"advgb-post-tax-term\">Giuseppe Taddei<\/a>","<a href=\"https:\/\/countermelodypodcast.com\/index.php\/category\/verismo\/\" class=\"advgb-post-tax-term\">Giuseppe Verdi<\/a>","<a href=\"https:\/\/countermelodypodcast.com\/index.php\/category\/verismo\/\" class=\"advgb-post-tax-term\">Leonard Warren<\/a>","<a href=\"https:\/\/countermelodypodcast.com\/index.php\/category\/verismo\/\" class=\"advgb-post-tax-term\">Mario Rossi<\/a>","<a href=\"https:\/\/countermelodypodcast.com\/index.php\/category\/verismo\/\" class=\"advgb-post-tax-term\">Nicolai Gedda<\/a>","<a href=\"https:\/\/countermelodypodcast.com\/index.php\/category\/verismo\/\" class=\"advgb-post-tax-term\">Pierre Monteux<\/a>","<a href=\"https:\/\/countermelodypodcast.com\/index.php\/category\/verismo\/\" class=\"advgb-post-tax-term\">Pietro Mascagni<\/a>","<a href=\"https:\/\/countermelodypodcast.com\/index.php\/category\/verismo\/\" class=\"advgb-post-tax-term\">Rosanna Carteri<\/a>","<a href=\"https:\/\/countermelodypodcast.com\/index.php\/category\/verismo\/\" class=\"advgb-post-tax-term\">Serge Prokofiev<\/a>","<a href=\"https:\/\/countermelodypodcast.com\/index.php\/category\/verismo\/\" class=\"advgb-post-tax-term\">Tullio Serafin<\/a>","<a href=\"https:\/\/countermelodypodcast.com\/index.php\/category\/verismo\/\" class=\"advgb-post-tax-term\">Vincenzo Bellezza<\/a>","<a href=\"https:\/\/countermelodypodcast.com\/index.php\/category\/verismo\/\" class=\"advgb-post-tax-term\">Vittorio Gui<\/a>"],"unlinked":["<span class=\"advgb-post-tax-term\">Artur Rodzinski<\/span>","<span class=\"advgb-post-tax-term\">Carlo Bergonzi<\/span>","<span class=\"advgb-post-tax-term\">Cesare Valletti<\/span>","<span class=\"advgb-post-tax-term\">Charles Gounod<\/span>","<span class=\"advgb-post-tax-term\">Ettore Bastianini<\/span>","<span class=\"advgb-post-tax-term\">Ferruccio Tagliavini<\/span>","<span class=\"advgb-post-tax-term\">Francis Poulenc<\/span>","<span class=\"advgb-post-tax-term\">Gabriele Santini<\/span>","<span class=\"advgb-post-tax-term\">Gaetano Donizetti<\/span>","<span class=\"advgb-post-tax-term\">Georges Pretre<\/span>","<span class=\"advgb-post-tax-term\">Giacomo Puccini<\/span>","<span class=\"advgb-post-tax-term\">Gilbert B\u00e9caud<\/span>","<span class=\"advgb-post-tax-term\">Gioacchino Rossini<\/span>","<span class=\"advgb-post-tax-term\">Giuseppe di Stefano<\/span>","<span class=\"advgb-post-tax-term\">Giuseppe Gismondo<\/span>","<span class=\"advgb-post-tax-term\">Giuseppe Taddei<\/span>","<span class=\"advgb-post-tax-term\">Giuseppe Verdi<\/span>","<span class=\"advgb-post-tax-term\">Leonard Warren<\/span>","<span class=\"advgb-post-tax-term\">Mario Rossi<\/span>","<span class=\"advgb-post-tax-term\">Nicolai Gedda<\/span>","<span class=\"advgb-post-tax-term\">Pierre Monteux<\/span>","<span class=\"advgb-post-tax-term\">Pietro Mascagni<\/span>","<span class=\"advgb-post-tax-term\">Rosanna Carteri<\/span>","<span class=\"advgb-post-tax-term\">Serge Prokofiev<\/span>","<span class=\"advgb-post-tax-term\">Tullio Serafin<\/span>","<span class=\"advgb-post-tax-term\">Vincenzo Bellezza<\/span>","<span class=\"advgb-post-tax-term\">Vittorio Gui<\/span>"]}},"comment_count":"0","relative_dates":{"created":"Posted 5 years ago","modified":"Updated 2 years ago"},"absolute_dates":{"created":"Posted on 01\/11\/2020","modified":"Updated on 16\/02\/2024"},"absolute_dates_time":{"created":"Posted on 01\/11\/2020 16:50","modified":"Updated on 16\/02\/2024 10:52"},"featured_img_caption":"","series_order":"","_links":{"self":[{"href":"https:\/\/countermelodypodcast.com\/index.php\/wp-json\/wp\/v2\/posts\/5954","targetHints":{"allow":["GET"]}}],"collection":[{"href":"https:\/\/countermelodypodcast.com\/index.php\/wp-json\/wp\/v2\/posts"}],"about":[{"href":"https:\/\/countermelodypodcast.com\/index.php\/wp-json\/wp\/v2\/types\/post"}],"author":[{"embeddable":true,"href":"https:\/\/countermelodypodcast.com\/index.php\/wp-json\/wp\/v2\/users\/1"}],"replies":[{"embeddable":true,"href":"https:\/\/countermelodypodcast.com\/index.php\/wp-json\/wp\/v2\/comments?post=5954"}],"version-history":[{"count":6,"href":"https:\/\/countermelodypodcast.com\/index.php\/wp-json\/wp\/v2\/posts\/5954\/revisions"}],"predecessor-version":[{"id":6014,"href":"https:\/\/countermelodypodcast.com\/index.php\/wp-json\/wp\/v2\/posts\/5954\/revisions\/6014"}],"wp:featuredmedia":[{"embeddable":true,"href":"https:\/\/countermelodypodcast.com\/index.php\/wp-json\/wp\/v2\/media\/5963"}],"wp:attachment":[{"href":"https:\/\/countermelodypodcast.com\/index.php\/wp-json\/wp\/v2\/media?parent=5954"}],"wp:term":[{"taxonomy":"category","embeddable":true,"href":"https:\/\/countermelodypodcast.com\/index.php\/wp-json\/wp\/v2\/categories?post=5954"},{"taxonomy":"post_tag","embeddable":true,"href":"https:\/\/countermelodypodcast.com\/index.php\/wp-json\/wp\/v2\/tags?post=5954"}],"curies":[{"name":"wp","href":"https:\/\/api.w.org\/{rel}","templated":true}]}}