{"id":5119,"date":"2020-07-20T00:37:00","date_gmt":"2020-07-19T22:37:00","guid":{"rendered":"http:\/\/countermelodypodcast.com\/?p=5119"},"modified":"2020-07-20T00:48:29","modified_gmt":"2020-07-19T22:48:29","slug":"episode-43-glamour-part-deux","status":"publish","type":"post","link":"https:\/\/countermelodypodcast.com\/index.php\/2020\/07\/20\/episode-43-glamour-part-deux\/","title":{"rendered":"Episode 44. Gl\u2019amour, Part Deux (The Invaders)"},"content":{"rendered":"<div id=\"mega-menu-wrap-primary\" class=\"mega-menu-wrap\"><div class=\"mega-menu-toggle\"><div class=\"mega-toggle-blocks-left\"><\/div><div class=\"mega-toggle-blocks-center\"><\/div><div class=\"mega-toggle-blocks-right\"><div class='mega-toggle-block mega-menu-toggle-animated-block mega-toggle-block-1' id='mega-toggle-block-1'><button aria-controls=\"mega-menu-primary\" aria-expanded=\"false\" aria-haspopup=\"true\" aria-label=\"Menu\" class=\"mega-toggle-animated mega-toggle-animated-slider\" type=\"button\">\n                  <span class=\"mega-toggle-animated-box\">\n                    <span class=\"mega-toggle-animated-inner\"><\/span>\n                  <\/span>\n                <\/button><\/div><\/div><\/div><ul id=\"mega-menu-primary\" class=\"mega-menu max-mega-menu mega-menu-horizontal mega-no-js\" data-event=\"hover_intent\" data-effect=\"slide\" data-effect-speed=\"200\" data-effect-mobile=\"slide\" data-effect-speed-mobile=\"200\" data-mobile-force-width=\"body\" data-second-click=\"go\" data-document-click=\"collapse\" data-vertical-behaviour=\"standard\" data-breakpoint=\"600\" data-unbind=\"true\" data-mobile-state=\"collapse_all\" data-mobile-direction=\"vertical\"><li class=\"mega-menu-item mega-menu-item-type-post_type mega-menu-item-object-page mega-menu-item-home mega-align-bottom-left mega-menu-flyout mega-menu-item-19160\" id=\"mega-menu-item-19160\"><a class=\"mega-menu-link\" href=\"https:\/\/countermelodypodcast.com\/\">Home<\/a><\/li><li class=\"mega-menu-item mega-menu-item-type-post_type mega-menu-item-object-page mega-align-bottom-left mega-menu-flyout mega-menu-item-19161\" id=\"mega-menu-item-19161\"><a class=\"mega-menu-link\" href=\"https:\/\/countermelodypodcast.com\/index.php\/about-daniel\/\">About Daniel<\/a><\/li><li class=\"mega-menu-item mega-menu-item-type-post_type mega-menu-item-object-page mega-current_page_parent mega-align-bottom-left mega-menu-flyout mega-menu-item-19171\" id=\"mega-menu-item-19171\"><a class=\"mega-menu-link\" href=\"https:\/\/countermelodypodcast.com\/index.php\/all-episodes\/\">All Episodes<\/a><\/li><\/ul><\/div>\n\n\n\n<h2 class=\"wp-block-heading\">Episode 44.  <em>Gl\u2019amour, <\/em>Part Deux (The Invaders)<\/h2>\n\n\n\n<iframe loading=\"lazy\" width=\"340\" height=\"50\" src=\"https:\/\/countermelody.blubrry.net\/?powerpress_embed=164-podcast&amp;powerpress_player=mediaelement-audio\" frameborder=\"0\" scrolling=\"no\"><\/iframe>\n\n\n\n<div class=\"wp-block-columns is-layout-flex wp-container-core-columns-is-layout-9d6595d7 wp-block-columns-is-layout-flex\">\n<div class=\"wp-block-column is-layout-flow wp-block-column-is-layout-flow\">\n<p><strong>SOCIAL SHARE<\/strong><\/p>\n<\/div>\n\n\n\n<div class=\"wp-block-column is-layout-flow wp-block-column-is-layout-flow\">\n<p class=\"has-text-align-right\"><strong>SUBSCRIPTION PLATFORM<\/strong><\/p>\n<\/div>\n<\/div>\n\n\n\n<div class=\"wp-block-columns is-layout-flex wp-container-core-columns-is-layout-9d6595d7 wp-block-columns-is-layout-flex\">\n<div class=\"wp-block-column is-layout-flow wp-block-column-is-layout-flow\"><\/div>\n\n\n\n<div class=\"wp-block-column is-layout-flow wp-block-column-is-layout-flow\">\n<div class=\"wp-block-buttons alignleft is-layout-flex wp-block-buttons-is-layout-flex\">\n<div class=\"wp-block-button alignright\"><a class=\"wp-block-button__link no-border-radius\" href=\"https:\/\/countermelody.blubrry.net\/\">SUBSCRIBE VIA YOUR FAVORITE PODCAST PLATFORM<\/a><\/div>\n<\/div>\n<\/div>\n<\/div>\n\n\n\n<div style=\"height:100px\" aria-hidden=\"true\" class=\"wp-block-spacer\"><\/div>\n\n\n\n<div class=\"wp-block-image\"><figure class=\"aligncenter size-large\"><img loading=\"lazy\" decoding=\"async\" width=\"753\" height=\"1024\" src=\"https:\/\/countermelodypodcast.com\/wp-content\/uploads\/2020\/07\/Eartha2-753x1024.jpg\" alt=\"\" class=\"wp-image-5165\" srcset=\"https:\/\/countermelodypodcast.com\/wp-content\/uploads\/2020\/07\/Eartha2-753x1024.jpg 753w, https:\/\/countermelodypodcast.com\/wp-content\/uploads\/2020\/07\/Eartha2-220x300.jpg 220w, https:\/\/countermelodypodcast.com\/wp-content\/uploads\/2020\/07\/Eartha2-768x1045.jpg 768w, https:\/\/countermelodypodcast.com\/wp-content\/uploads\/2020\/07\/Eartha2.jpg 840w\" sizes=\"auto, (max-width: 753px) 100vw, 753px\" \/><\/figure><\/div>\n\n\n\n<div style=\"height:38px\" aria-hidden=\"true\" class=\"wp-block-spacer\"><\/div>\n\n\n\n<p>Episode 44 \u2013 <em>Gl\u2019amour<\/em>, Part Deux: The Invaders<\/p>\n\n\n\n<p><em>Aux armes, citoyens!<\/em> We have received advance warning that an army of foreigners masking as French speakers are storming the artistic gates, so to speak, and attempting to usurp France\u2019s national artistic identity. Strangely, many of the invaders are operatic tenors, though they are accompanied by a coterie of <em>vivandi\u00e8res<\/em> singing popular music, all in French, no matter what their native tongues. Last week\u2019s celebration of French glamour is today compromised, sullied, and usurped by all manner of unwelcome albeit glamorous guests, led by the New Zealander Frances Alda and buttressed by the American Eleanor Steber, fresh from celebrating her birthday this past week. Some of these figures masquerade more convincingly as actual French persons, but make no mistake, whether they be deceptive Canadians (L\u00e9opold Simoneau, Raoul Jobin, Richard Verreau), interloping Belgians (Andr\u00e9 d\u2019Arkor), unwelcome Italians (the shocking Franco Corelli, the mysterious Dalida, and the dreaded Mirella Freni), subsersive Spaniards (Miguel Villabella, Alfredo Kraus, Tony Poncet) bullying Brazilians (Elis Regina), sneaky Swedes (Nicolai Gedda), denizens of the dreaded United Kingdom (Stuart Burrows, Dusty Springfield, Petula Clark, Annie Lennox), Germans of nefarious intent (Marlene Dietrich, Daniel Behle), questionable Australians (Albert Lance, traveling incognito), suspicious Russians (Joseph Rogatchewsky), or worst of all, Americans intent on conquest (Barbara Hendricks, Eartha Kitt, Barbra Streisand, Muriel Smith, and even the spotlight-stealing Daniel Gundlach), these characters are all intent on destroying France\u2019s language and music and must be thwarted at all costs, no matter how appealing their songs might appear to be. Finally, following the heroic actions of Georges Thill, France re-asserts her right to her own repertoire. But it seems that the damage has been done, for Natalie Dessay, Fran\u00e7oise Hardy, and even the formerly trustworthy Hugues Aufray, now seem only interested in singing American pop songs, albeit in French. All in all, an episode packed with intrigue, deception, and glorious singing!<\/p>\n\n\n\n<p><\/p>\n\n\n\n<p style=\"font-size:30px\" class=\"has-custom-size\"><strong> RECORDINGS HEARD IN THIS EPISODE<\/strong><\/p>\n\n\n\n<div style=\"height:55px\" aria-hidden=\"true\" class=\"wp-block-spacer\"><\/div>\n\n\n\n<div class=\"wp-block-image\"><figure class=\"aligncenter size-large is-resized\"><img loading=\"lazy\" decoding=\"async\" src=\"https:\/\/countermelodypodcast.com\/wp-content\/uploads\/2020\/07\/Frances-Alda.jpg\" alt=\"\" class=\"wp-image-5127\" width=\"368\" height=\"586\" srcset=\"https:\/\/countermelodypodcast.com\/wp-content\/uploads\/2020\/07\/Frances-Alda.jpg 340w, https:\/\/countermelodypodcast.com\/wp-content\/uploads\/2020\/07\/Frances-Alda-189x300.jpg 189w\" sizes=\"auto, (max-width: 368px) 100vw, 368px\" \/><\/figure><\/div>\n\n\n\n<p>Claude Joseph Rouget de Lisle: La Marseillaise. Frances Alda; Metropolitan Opera Chorus [rec. 1 June 1917]<\/p>\n\n\n\n<div style=\"height:100px\" aria-hidden=\"true\" class=\"wp-block-spacer\"><\/div>\n\n\n\n<div class=\"wp-block-image\"><figure class=\"aligncenter size-large\"><img loading=\"lazy\" decoding=\"async\" width=\"413\" height=\"615\" src=\"https:\/\/countermelodypodcast.com\/wp-content\/uploads\/2020\/07\/Endreze.jpg\" alt=\"\" class=\"wp-image-5128\" srcset=\"https:\/\/countermelodypodcast.com\/wp-content\/uploads\/2020\/07\/Endreze.jpg 413w, https:\/\/countermelodypodcast.com\/wp-content\/uploads\/2020\/07\/Endreze-201x300.jpg 201w\" sizes=\"auto, (max-width: 413px) 100vw, 413px\" \/><\/figure><\/div>\n\n\n\n<p>\u00c9mile Paladilhe: Psych\u00e9. Arthur Endr\u00e8ze; Reynaldo Hahn [rec. 1937]<\/p>\n\n\n\n<div style=\"height:100px\" aria-hidden=\"true\" class=\"wp-block-spacer\"><\/div>\n\n\n\n<figure class=\"wp-block-image size-large\"><img loading=\"lazy\" decoding=\"async\" width=\"1024\" height=\"768\" src=\"https:\/\/countermelodypodcast.com\/wp-content\/uploads\/2020\/07\/Dan-and-Lloyd-post-recital-1024x768.jpeg\" alt=\"\" class=\"wp-image-5129\" srcset=\"https:\/\/countermelodypodcast.com\/wp-content\/uploads\/2020\/07\/Dan-and-Lloyd-post-recital-1024x768.jpeg 1024w, https:\/\/countermelodypodcast.com\/wp-content\/uploads\/2020\/07\/Dan-and-Lloyd-post-recital-300x225.jpeg 300w, https:\/\/countermelodypodcast.com\/wp-content\/uploads\/2020\/07\/Dan-and-Lloyd-post-recital-768x576.jpeg 768w, https:\/\/countermelodypodcast.com\/wp-content\/uploads\/2020\/07\/Dan-and-Lloyd-post-recital.jpeg 1280w\" sizes=\"auto, (max-width: 1024px) 100vw, 1024px\" \/><\/figure>\n\n\n\n<p>Louiguy, Edith Piaf: La vie en rose. Daniel Gundlach; Lloyd Arriola [NYC 25 October 2015]<\/p>\n\n\n\n<div style=\"height:100px\" aria-hidden=\"true\" class=\"wp-block-spacer\"><\/div>\n\n\n\n<div class=\"wp-block-image\"><figure class=\"aligncenter size-large\"><img loading=\"lazy\" decoding=\"async\" width=\"380\" height=\"463\" src=\"https:\/\/countermelodypodcast.com\/wp-content\/uploads\/2020\/07\/Steber-1.jpg\" alt=\"\" class=\"wp-image-5130\" srcset=\"https:\/\/countermelodypodcast.com\/wp-content\/uploads\/2020\/07\/Steber-1.jpg 380w, https:\/\/countermelodypodcast.com\/wp-content\/uploads\/2020\/07\/Steber-1-246x300.jpg 246w\" sizes=\"auto, (max-width: 380px) 100vw, 380px\" \/><\/figure><\/div>\n\n\n\n<p>Hector Berlioz: Za\u00efde. Eleanor Steber; Jean Morel, Columbia Symphony Orchestra [rec. 1953]<\/p>\n\n\n\n<div class=\"wp-block-image\"><figure class=\"aligncenter size-large\"><img loading=\"lazy\" decoding=\"async\" width=\"415\" height=\"525\" src=\"https:\/\/countermelodypodcast.com\/wp-content\/uploads\/2020\/07\/Steber-Manon.jpg\" alt=\"\" class=\"wp-image-5131\" srcset=\"https:\/\/countermelodypodcast.com\/wp-content\/uploads\/2020\/07\/Steber-Manon.jpg 415w, https:\/\/countermelodypodcast.com\/wp-content\/uploads\/2020\/07\/Steber-Manon-237x300.jpg 237w\" sizes=\"auto, (max-width: 415px) 100vw, 415px\" \/><\/figure><\/div>\n\n\n\n<p>Alfred Bachelet: Ch\u00e8re nuit. Eleanor Steber, James Quillian [rec. May 1941]<\/p>\n\n\n\n<div style=\"height:100px\" aria-hidden=\"true\" class=\"wp-block-spacer\"><\/div>\n\n\n\n<div class=\"wp-block-image\"><figure class=\"aligncenter size-large\"><img loading=\"lazy\" decoding=\"async\" width=\"564\" height=\"564\" src=\"https:\/\/countermelodypodcast.com\/wp-content\/uploads\/2020\/07\/Franco-Corelli.jpg\" alt=\"\" class=\"wp-image-5109\" srcset=\"https:\/\/countermelodypodcast.com\/wp-content\/uploads\/2020\/07\/Franco-Corelli.jpg 564w, https:\/\/countermelodypodcast.com\/wp-content\/uploads\/2020\/07\/Franco-Corelli-300x300.jpg 300w, https:\/\/countermelodypodcast.com\/wp-content\/uploads\/2020\/07\/Franco-Corelli-150x150.jpg 150w\" sizes=\"auto, (max-width: 564px) 100vw, 564px\" \/><\/figure><\/div>\n\n\n\n<p>Charles Gounod: Ah, l\u00e8ve-toi soleil (<em>Rom<\/em><em>\u00e9o et Juliette<\/em>). Franco Corelli; Francesco Molnari-Pradelli [live 16 October 1967]<\/p>\n\n\n\n<div style=\"height:100px\" aria-hidden=\"true\" class=\"wp-block-spacer\"><\/div>\n\n\n\n<div class=\"wp-block-image\"><figure class=\"aligncenter size-large\"><img loading=\"lazy\" decoding=\"async\" width=\"600\" height=\"609\" src=\"https:\/\/countermelodypodcast.com\/wp-content\/uploads\/2020\/07\/Barbra-Non-cest-rien.jpg\" alt=\"\" class=\"wp-image-5108\" srcset=\"https:\/\/countermelodypodcast.com\/wp-content\/uploads\/2020\/07\/Barbra-Non-cest-rien.jpg 600w, https:\/\/countermelodypodcast.com\/wp-content\/uploads\/2020\/07\/Barbra-Non-cest-rien-296x300.jpg 296w\" sizes=\"auto, (max-width: 600px) 100vw, 600px\" \/><\/figure><\/div>\n\n\n\n<p>Armand Canfora, Jo Basile, Michel Jourdan: Non \u2026 c\u2019est rien [Free Again]. Barbra Streisand; Michel Legrand [rec. 1966]<\/p>\n\n\n\n<div style=\"height:100px\" aria-hidden=\"true\" class=\"wp-block-spacer\"><\/div>\n\n\n\n<div class=\"wp-block-image\"><figure class=\"aligncenter size-large\"><img loading=\"lazy\" decoding=\"async\" width=\"600\" height=\"866\" src=\"https:\/\/countermelodypodcast.com\/wp-content\/uploads\/2020\/07\/Raoul-Jobin.jpg\" alt=\"\" class=\"wp-image-5094\" srcset=\"https:\/\/countermelodypodcast.com\/wp-content\/uploads\/2020\/07\/Raoul-Jobin.jpg 600w, https:\/\/countermelodypodcast.com\/wp-content\/uploads\/2020\/07\/Raoul-Jobin-208x300.jpg 208w\" sizes=\"auto, (max-width: 600px) 100vw, 600px\" \/><\/figure><\/div>\n\n\n\n<p>Jacques Offenbach: \u00d4 Dieu, de quelle ivresse (<em>Les Contes d\u2019Hoffmann<\/em>). Raoul Jobin; Andr\u00e9 Cluytens; Orchestre du Th\u00e9\u00e2tre National de l\u2019Op\u00e9ra-Comique [rec. 1948]<\/p>\n\n\n\n<div style=\"height:100px\" aria-hidden=\"true\" class=\"wp-block-spacer\"><\/div>\n\n\n\n<div class=\"wp-block-image\"><figure class=\"aligncenter size-large is-resized\"><img loading=\"lazy\" decoding=\"async\" src=\"https:\/\/countermelodypodcast.com\/wp-content\/uploads\/2020\/07\/Dalida-2.jpg\" alt=\"\" class=\"wp-image-5132\" width=\"361\" height=\"477\" srcset=\"https:\/\/countermelodypodcast.com\/wp-content\/uploads\/2020\/07\/Dalida-2.jpg 303w, https:\/\/countermelodypodcast.com\/wp-content\/uploads\/2020\/07\/Dalida-2-227x300.jpg 227w\" sizes=\"auto, (max-width: 361px) 100vw, 361px\" \/><\/figure><\/div>\n\n\n\n<p>Jean Lenoir: Parlez-moi d\u2019amour. Dalida; Raymond Lef\u00e8vre et son Orchestre [rec. 1961]<\/p>\n\n\n\n<div style=\"height:100px\" aria-hidden=\"true\" class=\"wp-block-spacer\"><\/div>\n\n\n\n<div class=\"wp-block-image\"><figure class=\"aligncenter size-large\"><img loading=\"lazy\" decoding=\"async\" width=\"565\" height=\"260\" src=\"https:\/\/countermelodypodcast.com\/wp-content\/uploads\/2020\/07\/Behle.jpg\" alt=\"\" class=\"wp-image-5150\" srcset=\"https:\/\/countermelodypodcast.com\/wp-content\/uploads\/2020\/07\/Behle.jpg 565w, https:\/\/countermelodypodcast.com\/wp-content\/uploads\/2020\/07\/Behle-300x138.jpg 300w\" sizes=\"auto, (max-width: 565px) 100vw, 565px\" \/><\/figure><\/div>\n\n\n\n<p>Georges Bizet: Je crois entendre encore (<em>Les P\u00eacheurs de perles<\/em>). Daniel Behle [Oslo: Queen Sonja International Vocal Competition (26 August 2005)]<\/p>\n\n\n\n<div style=\"height:100px\" aria-hidden=\"true\" class=\"wp-block-spacer\"><\/div>\n\n\n\n<div class=\"wp-block-image\"><figure class=\"aligncenter size-large\"><img loading=\"lazy\" decoding=\"async\" width=\"480\" height=\"600\" src=\"https:\/\/countermelodypodcast.com\/wp-content\/uploads\/2020\/07\/PetClark.jpg\" alt=\"\" class=\"wp-image-5151\" srcset=\"https:\/\/countermelodypodcast.com\/wp-content\/uploads\/2020\/07\/PetClark.jpg 480w, https:\/\/countermelodypodcast.com\/wp-content\/uploads\/2020\/07\/PetClark-240x300.jpg 240w\" sizes=\"auto, (max-width: 480px) 100vw, 480px\" \/><\/figure><\/div>\n\n\n\n<p>Charles Chaplin, Pierre Delano\u00eb: C\u2019est ma chanson [This Is My Song]. Petula Clark [rec. 1967]<\/p>\n\n\n\n<div style=\"height:100px\" aria-hidden=\"true\" class=\"wp-block-spacer\"><\/div>\n\n\n\n<div class=\"wp-block-image\"><figure class=\"aligncenter size-large\"><img loading=\"lazy\" decoding=\"async\" width=\"1024\" height=\"681\" src=\"https:\/\/countermelodypodcast.com\/wp-content\/uploads\/2020\/07\/Poncet-1-1024x681.jpg\" alt=\"\" class=\"wp-image-5153\" srcset=\"https:\/\/countermelodypodcast.com\/wp-content\/uploads\/2020\/07\/Poncet-1-1024x681.jpg 1024w, https:\/\/countermelodypodcast.com\/wp-content\/uploads\/2020\/07\/Poncet-1-300x200.jpg 300w, https:\/\/countermelodypodcast.com\/wp-content\/uploads\/2020\/07\/Poncet-1-768x511.jpg 768w, https:\/\/countermelodypodcast.com\/wp-content\/uploads\/2020\/07\/Poncet-1-1536x1022.jpg 1536w, https:\/\/countermelodypodcast.com\/wp-content\/uploads\/2020\/07\/Poncet-1-2048x1363.jpg 2048w, https:\/\/countermelodypodcast.com\/wp-content\/uploads\/2020\/07\/Poncet-1-1600x1065.jpg 1600w\" sizes=\"auto, (max-width: 1024px) 100vw, 1024px\" \/><\/figure><\/div>\n\n\n\n<p>Franz Leh\u00e1r: Je t\u2019ai donn\u00e9 mon Coeur (<em>Le Pays du Sourire<\/em>). Tony Poncet, J\u00e9sus Etcheverry, Grand Orchestre et Choeurs Ren\u00e9 Alix [rec. 1957]<\/p>\n\n\n\n<div style=\"height:100px\" aria-hidden=\"true\" class=\"wp-block-spacer\"><\/div>\n\n\n\n<div class=\"wp-block-image\"><figure class=\"aligncenter size-large\"><img loading=\"lazy\" decoding=\"async\" width=\"600\" height=\"608\" src=\"https:\/\/countermelodypodcast.com\/wp-content\/uploads\/2020\/07\/Dusty-Mlle.jpg\" alt=\"\" class=\"wp-image-5154\" srcset=\"https:\/\/countermelodypodcast.com\/wp-content\/uploads\/2020\/07\/Dusty-Mlle.jpg 600w, https:\/\/countermelodypodcast.com\/wp-content\/uploads\/2020\/07\/Dusty-Mlle-296x300.jpg 296w\" sizes=\"auto, (max-width: 600px) 100vw, 600px\" \/><\/figure><\/div>\n\n\n\n<p>Carole King, Mich\u00e8le Vend\u00f4me [after Gerry Goffin]: Demain tu peux changer [Will You Love Me Tomorrow]. Dusty Springfield [rec. 1965]<\/p>\n\n\n\n<div style=\"height:100px\" aria-hidden=\"true\" class=\"wp-block-spacer\"><\/div>\n\n\n\n<div class=\"wp-block-image\"><figure class=\"aligncenter size-large\"><img loading=\"lazy\" decoding=\"async\" width=\"600\" height=\"737\" src=\"https:\/\/countermelodypodcast.com\/wp-content\/uploads\/2020\/07\/Verreau.jpg\" alt=\"\" class=\"wp-image-5159\" srcset=\"https:\/\/countermelodypodcast.com\/wp-content\/uploads\/2020\/07\/Verreau.jpg 600w, https:\/\/countermelodypodcast.com\/wp-content\/uploads\/2020\/07\/Verreau-244x300.jpg 244w\" sizes=\"auto, (max-width: 600px) 100vw, 600px\" \/><\/figure><\/div>\n\n\n\n<p>Fr\u00e9d\u00e9ric Chopin, Jean Loysel, arr. Andr\u00e9 Grassi: L\u2019ombre s\u2019enfuit [Tristesse]. Richard Verreau, Andr\u00e9 Grassi, RCA Victor Concert Orchestra [rec. 1961]<\/p>\n\n\n\n<div style=\"height:100px\" aria-hidden=\"true\" class=\"wp-block-spacer\"><\/div>\n\n\n\n<figure class=\"wp-block-image size-large\"><img loading=\"lazy\" decoding=\"async\" width=\"642\" height=\"960\" src=\"https:\/\/countermelodypodcast.com\/wp-content\/uploads\/2020\/07\/Dan-Tour-Eiffel.jpg\" alt=\"\" class=\"wp-image-5170\" srcset=\"https:\/\/countermelodypodcast.com\/wp-content\/uploads\/2020\/07\/Dan-Tour-Eiffel.jpg 642w, https:\/\/countermelodypodcast.com\/wp-content\/uploads\/2020\/07\/Dan-Tour-Eiffel-201x300.jpg 201w\" sizes=\"auto, (max-width: 642px) 100vw, 642px\" \/><figcaption>A Gundlachian French invasion from sometime in the late 1980&#8217;s.<br><br><\/figcaption><\/figure>\n\n\n\n<p>Joseph Kosma, Jacques Pr\u00e9vert: Les feuilles mortes. Daniel Gundlach; Daniel Beckwith [recorded Town Hall, NYC, 07.2006]<\/p>\n\n\n\n<div style=\"height:100px\" aria-hidden=\"true\" class=\"wp-block-spacer\"><\/div>\n\n\n\n<div class=\"wp-block-image\"><figure class=\"aligncenter size-large\"><img loading=\"lazy\" decoding=\"async\" width=\"580\" height=\"573\" src=\"https:\/\/countermelodypodcast.com\/wp-content\/uploads\/2020\/07\/Simoneau-1.jpg\" alt=\"\" class=\"wp-image-5161\" srcset=\"https:\/\/countermelodypodcast.com\/wp-content\/uploads\/2020\/07\/Simoneau-1.jpg 580w, https:\/\/countermelodypodcast.com\/wp-content\/uploads\/2020\/07\/Simoneau-1-300x296.jpg 300w\" sizes=\"auto, (max-width: 580px) 100vw, 580px\" \/><\/figure><\/div>\n\n\n\n<p>Henri Duparc: Au pays o\u00f9 se fait la guerre. L\u00e9opold Simoneau; Allen Rogers [rec. 1958]<\/p>\n\n\n\n<div style=\"height:100px\" aria-hidden=\"true\" class=\"wp-block-spacer\"><\/div>\n\n\n\n<div class=\"wp-block-image\"><figure class=\"aligncenter size-large\"><img loading=\"lazy\" decoding=\"async\" width=\"764\" height=\"1024\" src=\"https:\/\/countermelodypodcast.com\/wp-content\/uploads\/2020\/07\/Muriel-1-764x1024.jpg\" alt=\"\" class=\"wp-image-5158\" srcset=\"https:\/\/countermelodypodcast.com\/wp-content\/uploads\/2020\/07\/Muriel-1-764x1024.jpg 764w, https:\/\/countermelodypodcast.com\/wp-content\/uploads\/2020\/07\/Muriel-1-224x300.jpg 224w, https:\/\/countermelodypodcast.com\/wp-content\/uploads\/2020\/07\/Muriel-1-768x1030.jpg 768w, https:\/\/countermelodypodcast.com\/wp-content\/uploads\/2020\/07\/Muriel-1.jpg 904w\" sizes=\"auto, (max-width: 764px) 100vw, 764px\" \/><\/figure><\/div>\n\n\n\n<p>Henri Duparc: Chanson triste. Muriel Smith [pianist and recording date unknown]<\/p>\n\n\n\n<div style=\"height:100px\" aria-hidden=\"true\" class=\"wp-block-spacer\"><\/div>\n\n\n\n<div class=\"wp-block-image\"><figure class=\"aligncenter size-large\"><img loading=\"lazy\" decoding=\"async\" width=\"1024\" height=\"579\" src=\"https:\/\/countermelodypodcast.com\/wp-content\/uploads\/2020\/07\/Eartha-1-1024x579.jpg\" alt=\"\" class=\"wp-image-5156\" srcset=\"https:\/\/countermelodypodcast.com\/wp-content\/uploads\/2020\/07\/Eartha-1-1024x579.jpg 1024w, https:\/\/countermelodypodcast.com\/wp-content\/uploads\/2020\/07\/Eartha-1-300x170.jpg 300w, https:\/\/countermelodypodcast.com\/wp-content\/uploads\/2020\/07\/Eartha-1-768x434.jpg 768w, https:\/\/countermelodypodcast.com\/wp-content\/uploads\/2020\/07\/Eartha-1-1536x868.jpg 1536w, https:\/\/countermelodypodcast.com\/wp-content\/uploads\/2020\/07\/Eartha-1-2048x1157.jpg 2048w, https:\/\/countermelodypodcast.com\/wp-content\/uploads\/2020\/07\/Eartha-1-1600x904.jpg 1600w\" sizes=\"auto, (max-width: 1024px) 100vw, 1024px\" \/><\/figure><\/div>\n\n\n\n<p>Henri Betti, Andr\u00e9 Hornez: C\u2019est si bon. Eartha Kitt; Henri Ren\u00e9 and His Orchestra [rec. 1953]<\/p>\n\n\n\n<div style=\"height:100px\" aria-hidden=\"true\" class=\"wp-block-spacer\"><\/div>\n\n\n\n<div class=\"wp-block-image\"><figure class=\"aligncenter size-large is-resized\"><img loading=\"lazy\" decoding=\"async\" src=\"https:\/\/countermelodypodcast.com\/wp-content\/uploads\/2020\/07\/Burrows.jpg\" alt=\"\" class=\"wp-image-5162\" width=\"519\" height=\"292\" srcset=\"https:\/\/countermelodypodcast.com\/wp-content\/uploads\/2020\/07\/Burrows.jpg 446w, https:\/\/countermelodypodcast.com\/wp-content\/uploads\/2020\/07\/Burrows-300x169.jpg 300w\" sizes=\"auto, (max-width: 519px) 100vw, 519px\" \/><\/figure><\/div>\n\n\n\n<p>Gabriel Faur\u00e9: Sylvie, Op. 6\/3. Stuart Burrows; John Constable [rec. 1971]<\/p>\n\n\n\n<div style=\"height:100px\" aria-hidden=\"true\" class=\"wp-block-spacer\"><\/div>\n\n\n\n<div class=\"wp-block-image\"><figure class=\"aligncenter size-large\"><img loading=\"lazy\" decoding=\"async\" width=\"420\" height=\"536\" src=\"https:\/\/countermelodypodcast.com\/wp-content\/uploads\/2020\/07\/Hendricks.jpg\" alt=\"\" class=\"wp-image-5090\" srcset=\"https:\/\/countermelodypodcast.com\/wp-content\/uploads\/2020\/07\/Hendricks.jpg 420w, https:\/\/countermelodypodcast.com\/wp-content\/uploads\/2020\/07\/Hendricks-235x300.jpg 235w\" sizes=\"auto, (max-width: 420px) 100vw, 420px\" \/><\/figure><\/div>\n\n\n\n<p>Frank Churchill, Francis Salabert [after Larry Morey]: Un jour mon prince viendra (<em>Blanche-Neige et les sept Nains<\/em>). Barbara Hendricks; Jonathan Tunick [rec. 1996]<\/p>\n\n\n\n<div style=\"height:100px\" aria-hidden=\"true\" class=\"wp-block-spacer\"><\/div>\n\n\n\n<div class=\"wp-block-image\"><figure class=\"aligncenter size-large\"><img loading=\"lazy\" decoding=\"async\" width=\"720\" height=\"495\" src=\"https:\/\/countermelodypodcast.com\/wp-content\/uploads\/2020\/07\/Freni-Kraus-1.jpg\" alt=\"\" class=\"wp-image-5149\" srcset=\"https:\/\/countermelodypodcast.com\/wp-content\/uploads\/2020\/07\/Freni-Kraus-1.jpg 720w, https:\/\/countermelodypodcast.com\/wp-content\/uploads\/2020\/07\/Freni-Kraus-1-300x206.jpg 300w\" sizes=\"auto, (max-width: 720px) 100vw, 720px\" \/><\/figure><\/div>\n\n\n\n<p>Charles Gounod: Nuit d\u2019hymen\u00e9e (<em>Rom\u00e9o et Juliette<\/em>) [excerpt]. Alfredo Kraus, Mirella Freni; Jean Fournet [Chicago 27 November 1981]<\/p>\n\n\n\n<div style=\"height:100px\" aria-hidden=\"true\" class=\"wp-block-spacer\"><\/div>\n\n\n\n<div class=\"wp-block-image\"><figure class=\"aligncenter size-large\"><img loading=\"lazy\" decoding=\"async\" width=\"770\" height=\"845\" src=\"https:\/\/countermelodypodcast.com\/wp-content\/uploads\/2020\/07\/Elis-1.jpg\" alt=\"\" class=\"wp-image-5147\" srcset=\"https:\/\/countermelodypodcast.com\/wp-content\/uploads\/2020\/07\/Elis-1.jpg 770w, https:\/\/countermelodypodcast.com\/wp-content\/uploads\/2020\/07\/Elis-1-273x300.jpg 273w, https:\/\/countermelodypodcast.com\/wp-content\/uploads\/2020\/07\/Elis-1-768x843.jpg 768w\" sizes=\"auto, (max-width: 770px) 100vw, 770px\" \/><\/figure><\/div>\n\n\n\n<p>Michel Legrand, Jacques Demy: R\u00e9cit de Cassard (<em>Les Parapluies de Cherbourg<\/em>). Elis Regina [rec. 1969]<\/p>\n\n\n\n<div style=\"height:100px\" aria-hidden=\"true\" class=\"wp-block-spacer\"><\/div>\n\n\n\n<div class=\"wp-block-image\"><figure class=\"aligncenter size-large\"><img loading=\"lazy\" decoding=\"async\" width=\"1015\" height=\"1024\" src=\"https:\/\/countermelodypodcast.com\/wp-content\/uploads\/2020\/07\/Lance-1-1015x1024.jpg\" alt=\"\" class=\"wp-image-5145\" srcset=\"https:\/\/countermelodypodcast.com\/wp-content\/uploads\/2020\/07\/Lance-1-1015x1024.jpg 1015w, https:\/\/countermelodypodcast.com\/wp-content\/uploads\/2020\/07\/Lance-1-297x300.jpg 297w, https:\/\/countermelodypodcast.com\/wp-content\/uploads\/2020\/07\/Lance-1-150x150.jpg 150w, https:\/\/countermelodypodcast.com\/wp-content\/uploads\/2020\/07\/Lance-1-768x775.jpg 768w, https:\/\/countermelodypodcast.com\/wp-content\/uploads\/2020\/07\/Lance-1-1522x1536.jpg 1522w, https:\/\/countermelodypodcast.com\/wp-content\/uploads\/2020\/07\/Lance-1-2030x2048.jpg 2030w, https:\/\/countermelodypodcast.com\/wp-content\/uploads\/2020\/07\/Lance-1-1600x1614.jpg 1600w\" sizes=\"auto, (max-width: 1015px) 100vw, 1015px\" \/><\/figure><\/div>\n\n\n\n<p>Jules Massenet: Un autre est son \u00e9poux (<em>Werther<\/em>). Albert Lance; Jean Fournet [Buenos Aires: Teatro Col\u00f3n, June 1965]<\/p>\n\n\n\n<div style=\"height:100px\" aria-hidden=\"true\" class=\"wp-block-spacer\"><\/div>\n\n\n\n<div class=\"wp-block-image\"><figure class=\"aligncenter size-large\"><img loading=\"lazy\" decoding=\"async\" width=\"500\" height=\"650\" src=\"https:\/\/countermelodypodcast.com\/wp-content\/uploads\/2020\/07\/Dietrich.jpg\" alt=\"\" class=\"wp-image-5143\" srcset=\"https:\/\/countermelodypodcast.com\/wp-content\/uploads\/2020\/07\/Dietrich.jpg 500w, https:\/\/countermelodypodcast.com\/wp-content\/uploads\/2020\/07\/Dietrich-231x300.jpg 231w\" sizes=\"auto, (max-width: 500px) 100vw, 500px\" \/><\/figure><\/div>\n\n\n\n<p>Henri&nbsp;Salvador, Ren\u00e9 Rouzaud: Cherche la rose. Marlene Dietrich [recorded 1962]<\/p>\n\n\n\n<div style=\"height:100px\" aria-hidden=\"true\" class=\"wp-block-spacer\"><\/div>\n\n\n\n<div class=\"wp-block-image\"><figure class=\"aligncenter size-large\"><img loading=\"lazy\" decoding=\"async\" width=\"450\" height=\"641\" src=\"https:\/\/countermelodypodcast.com\/wp-content\/uploads\/2020\/07\/DArkor.jpg\" alt=\"\" class=\"wp-image-5141\" srcset=\"https:\/\/countermelodypodcast.com\/wp-content\/uploads\/2020\/07\/DArkor.jpg 450w, https:\/\/countermelodypodcast.com\/wp-content\/uploads\/2020\/07\/DArkor-211x300.jpg 211w\" sizes=\"auto, (max-width: 450px) 100vw, 450px\" \/><\/figure><\/div>\n\n\n\n<p>Fran\u00e7ois Adrien Boieldieu: Viens, gentile dame (<em>La dame blanche<\/em>). Andr\u00e9 d\u2019Arkor [rec. 1931]<\/p>\n\n\n\n<div style=\"height:100px\" aria-hidden=\"true\" class=\"wp-block-spacer\"><\/div>\n\n\n\n<div class=\"wp-block-image\"><figure class=\"aligncenter size-large is-resized\"><img loading=\"lazy\" decoding=\"async\" src=\"https:\/\/countermelodypodcast.com\/wp-content\/uploads\/2020\/07\/Rogatchewsky.jpg\" alt=\"\" class=\"wp-image-5140\" width=\"435\" height=\"653\"\/><\/figure><\/div>\n\n\n\n<p>Giacomo Puccini: O douces mains (<em>Tosca<\/em>). Joseph Rogatchewsky; Elie Cohen [rec. 1928]<\/p>\n\n\n\n<div style=\"height:100px\" aria-hidden=\"true\" class=\"wp-block-spacer\"><\/div>\n\n\n\n<div class=\"wp-block-image\"><figure class=\"aligncenter size-large\"><img loading=\"lazy\" decoding=\"async\" width=\"1000\" height=\"550\" src=\"https:\/\/countermelodypodcast.com\/wp-content\/uploads\/2020\/07\/Gedda-1.jpg\" alt=\"\" class=\"wp-image-5139\" srcset=\"https:\/\/countermelodypodcast.com\/wp-content\/uploads\/2020\/07\/Gedda-1.jpg 1000w, https:\/\/countermelodypodcast.com\/wp-content\/uploads\/2020\/07\/Gedda-1-300x165.jpg 300w, https:\/\/countermelodypodcast.com\/wp-content\/uploads\/2020\/07\/Gedda-1-768x422.jpg 768w\" sizes=\"auto, (max-width: 1000px) 100vw, 1000px\" \/><\/figure><\/div>\n\n\n\n<p>\u00c9douard Lalo: Vainement, ma bien-aim\u00e9e (<em>Le Roi d\u2019Ys<\/em>). Nicolai Gedda; Georges Pr\u00eatre, Orchestre National de la Radiodiffusion Fran\u00e7aise [rec. 1963]<\/p>\n\n\n\n<div style=\"height:100px\" aria-hidden=\"true\" class=\"wp-block-spacer\"><\/div>\n\n\n\n<div class=\"wp-block-image\"><figure class=\"aligncenter size-large\"><img loading=\"lazy\" decoding=\"async\" width=\"676\" height=\"443\" src=\"https:\/\/countermelodypodcast.com\/wp-content\/uploads\/2020\/07\/Villabella.jpg\" alt=\"\" class=\"wp-image-5137\" srcset=\"https:\/\/countermelodypodcast.com\/wp-content\/uploads\/2020\/07\/Villabella.jpg 676w, https:\/\/countermelodypodcast.com\/wp-content\/uploads\/2020\/07\/Villabella-300x197.jpg 300w\" sizes=\"auto, (max-width: 676px) 100vw, 676px\" \/><\/figure><\/div>\n\n\n\n<p>Adolphe Adam: Mes amis, \u00e9coutez l\u2019histoire (<em>Le Postillon de Longjumeau<\/em>). Miguel Villabella; Godfroy Andolfi [rec. 1934]<\/p>\n\n\n\n<div style=\"height:100px\" aria-hidden=\"true\" class=\"wp-block-spacer\"><\/div>\n\n\n\n<div class=\"wp-block-image\"><figure class=\"aligncenter size-large\"><img loading=\"lazy\" decoding=\"async\" width=\"735\" height=\"490\" src=\"https:\/\/countermelodypodcast.com\/wp-content\/uploads\/2020\/07\/Eurythmics.jpg\" alt=\"\" class=\"wp-image-5136\" srcset=\"https:\/\/countermelodypodcast.com\/wp-content\/uploads\/2020\/07\/Eurythmics.jpg 735w, https:\/\/countermelodypodcast.com\/wp-content\/uploads\/2020\/07\/Eurythmics-300x200.jpg 300w\" sizes=\"auto, (max-width: 735px) 100vw, 735px\" \/><\/figure><\/div>\n\n\n\n<p>Fran\u00e7oise Hardy, Roger Samyn: Tous les gar\u00e7ons et les filles. Eurythmics [Annie Lennox, Dave Stewart] [rec. 1985]<\/p>\n\n\n\n<div style=\"height:100px\" aria-hidden=\"true\" class=\"wp-block-spacer\"><\/div>\n\n\n\n<div class=\"wp-block-image\"><figure class=\"aligncenter size-large\"><img loading=\"lazy\" decoding=\"async\" width=\"638\" height=\"478\" src=\"https:\/\/countermelodypodcast.com\/wp-content\/uploads\/2020\/07\/Thill.jpg\" alt=\"\" class=\"wp-image-5133\" srcset=\"https:\/\/countermelodypodcast.com\/wp-content\/uploads\/2020\/07\/Thill.jpg 638w, https:\/\/countermelodypodcast.com\/wp-content\/uploads\/2020\/07\/Thill-300x225.jpg 300w\" sizes=\"auto, (max-width: 638px) 100vw, 638px\" \/><\/figure><\/div>\n\n\n\n<p>Claude Joseph Rouget de Lisle: La Marseillaise. Georges Thill; Pierre Dupont, La Musique de la Garde R\u00e9publicaine avec Choeurs [rec. 1931]<\/p>\n\n\n\n<div style=\"height:100px\" aria-hidden=\"true\" class=\"wp-block-spacer\"><\/div>\n\n\n\n<div class=\"wp-block-image\"><figure class=\"aligncenter size-large\"><img loading=\"lazy\" decoding=\"async\" width=\"1024\" height=\"582\" src=\"https:\/\/countermelodypodcast.com\/wp-content\/uploads\/2020\/07\/Hardy-1-1024x582.jpg\" alt=\"\" class=\"wp-image-5107\" srcset=\"https:\/\/countermelodypodcast.com\/wp-content\/uploads\/2020\/07\/Hardy-1-1024x582.jpg 1024w, https:\/\/countermelodypodcast.com\/wp-content\/uploads\/2020\/07\/Hardy-1-300x170.jpg 300w, https:\/\/countermelodypodcast.com\/wp-content\/uploads\/2020\/07\/Hardy-1-768x436.jpg 768w, https:\/\/countermelodypodcast.com\/wp-content\/uploads\/2020\/07\/Hardy-1-1536x872.jpg 1536w, https:\/\/countermelodypodcast.com\/wp-content\/uploads\/2020\/07\/Hardy-1-1600x909.jpg 1600w, https:\/\/countermelodypodcast.com\/wp-content\/uploads\/2020\/07\/Hardy-1.jpg 2048w\" sizes=\"auto, (max-width: 1024px) 100vw, 1024px\" \/><\/figure><\/div>\n\n\n\n<p>Arnold Goland, Serge Gainsbourg [after Jack Gold]: Comment te dire adieu [It Hurts to Say Goodbye]. Fran\u00e7oise Hardy [rec. 1968]<\/p>\n\n\n\n<div style=\"height:100px\" aria-hidden=\"true\" class=\"wp-block-spacer\"><\/div>\n\n\n\n<div class=\"wp-block-image\"><figure class=\"aligncenter size-large\"><img loading=\"lazy\" decoding=\"async\" width=\"600\" height=\"400\" src=\"https:\/\/countermelodypodcast.com\/wp-content\/uploads\/2020\/07\/Dessay.jpg\" alt=\"\" class=\"wp-image-5135\" srcset=\"https:\/\/countermelodypodcast.com\/wp-content\/uploads\/2020\/07\/Dessay.jpg 600w, https:\/\/countermelodypodcast.com\/wp-content\/uploads\/2020\/07\/Dessay-300x200.jpg 300w\" sizes=\"auto, (max-width: 600px) 100vw, 600px\" \/><\/figure><\/div>\n\n\n\n<p>Thelonious Monk, Bernard Hanighen, Charles Cootie Williams, Claude Nougaro, arr. Pierre Boussaguet: Autour de minuit [Round Midnight]. Natalie Dessay; Claire Gibault, Paris Mozart Orchestra [rec. 2016]<\/p>\n\n\n\n<div style=\"height:100px\" aria-hidden=\"true\" class=\"wp-block-spacer\"><\/div>\n\n\n\n<div class=\"wp-block-image\"><figure class=\"aligncenter size-large\"><img loading=\"lazy\" decoding=\"async\" width=\"599\" height=\"605\" src=\"https:\/\/countermelodypodcast.com\/wp-content\/uploads\/2020\/07\/Aufray.jpg\" alt=\"\" class=\"wp-image-5134\" srcset=\"https:\/\/countermelodypodcast.com\/wp-content\/uploads\/2020\/07\/Aufray.jpg 599w, https:\/\/countermelodypodcast.com\/wp-content\/uploads\/2020\/07\/Aufray-297x300.jpg 297w\" sizes=\"auto, (max-width: 599px) 100vw, 599px\" \/><\/figure><\/div>\n\n\n\n<p>Bob Dylan, Hugues Aufray: Dans le souffle du vent [Blowin\u2019 in the Wind]. [rec. 1995]<\/p>\n\n\n\n<p><\/p>\n\n\n\n<div style=\"height:100px\" aria-hidden=\"true\" class=\"wp-block-spacer\"><\/div>\n","protected":false},"excerpt":{"rendered":"<p>Episode 44. Gl\u2019amour, Part Deux (The Invaders) SOCIAL SHARE SUBSCRIPTION PLATFORM Episode 44 \u2013 Gl\u2019amour, Part Deux: The Invaders Aux&hellip;<\/p>\n","protected":false},"author":1,"featured_media":5169,"comment_status":"open","ping_status":"open","sticky":false,"template":"","format":"standard","meta":{"advgb_blocks_editor_width":"","advgb_blocks_columns_visual_guide":"","footnotes":""},"categories":[420,1626,1075,1076,1074,1073,1072],"tags":[1820,590,1802,60,47,894,1769,1809,1477,1836,1764,1828,1715,1554,1768,1773,1558,1808,1779,1775,296,1804,61,1824,1754,1770,57,1771,36,1833,1539,1780,1789,1790,764,1832,1763,1813,1125,1812,1795,1766,1478,1823,1761,142,1807,1726,1448,1783,1838,588,1772,390,55,94,1711,1756,1728,310,1788,1806,1829,1830,1798,98,1784,1794,1835,1792,1785,1811,433,1762,1818,1821,1817,1777,50,1786,1796,455,469,1803,1801,1837,750,1819,1000,925,1826,1015,1840,1748,1834,1774,1776,1810,1747,1800,1805,782,1781,1825,52,1797,1827,1778,1822,1793],"class_list":["post-5119","post","type-post","status-publish","format-standard","has-post-thumbnail","hentry","category-african-american-opera-singers","category-african-american-singers","category-art-song","category-crossover","category-happy-birthday","category-holiday-music","category-in-memoriam","tag-adam-le-postillon-de-longjumeau","tag-adolphe-adam","tag-albert-lance","tag-alfred-bachelet","tag-alfredo-kraus","tag-allen-rogers","tag-andre-cluytens","tag-andre-darkor","tag-annie-lennox","tag-armand-canfora","tag-arthur-endreze","tag-autour-de-minuit-round-midnight","tag-barbara-hendricks","tag-barbra-streisand","tag-berlioz-zaide","tag-bizet-les-pecheurs-de-perles","tag-bob-dylan","tag-boieldieu-la-dame-blanche","tag-carole-king","tag-charles-chaplin","tag-charles-gounod","tag-cherche-la-rose","tag-chere-nuit","tag-claude-joseph-rouget-de-lisle","tag-comment-te-dire-adieu","tag-dalida","tag-daniel-beckwith","tag-daniel-behle","tag-daniel-gundlach","tag-dans-le-souffle-du-vent-blowin-in-the-wind-2","tag-dave-stewart","tag-demain-tu-peux-changer","tag-duparc-au-pays-ou-se-fait-la-guerre","tag-duparc-chanson-triste","tag-dusty-springfield","tag-dylan-aufray-dans-le-souffle-du-vent","tag-eartha-kitt","tag-edouard-lalo","tag-eleanor-steber","tag-elie-cohen","tag-elis-regina","tag-emile-paladilhe","tag-eurythmics","tag-eurythmics-tous-les-garcons-et-les-filles","tag-frances-alda","tag-franco-corelli","tag-francois-adrien-boieldieu","tag-francoise-hardy","tag-franz-lehar","tag-frederic-chopin","tag-free-again","tag-gabriel-faure","tag-george-bizet","tag-georges-pretre","tag-georges-thill","tag-giacomo-puccini","tag-glamour","tag-gounod-romeo-et-juliette","tag-gustave-charpentier","tag-hector-berlioz","tag-henri-duparc","tag-henri-salvador","tag-hugues-aufray","tag-hugues-aufray-chante-dylan","tag-jacques-demy","tag-jacques-offenbach","tag-jacques-prevert","tag-jean-fournet","tag-jo-basile","tag-john-constable","tag-joseph-kosma","tag-joseph-rogatchewsky","tag-jules-massenet","tag-la-marseillaise","tag-lalo-le-roi-dys-2","tag-le-postillon-de-longjumeau","tag-le-roi-dys-2","tag-lehar-le-pays-du-sourire","tag-leopold-simoneau","tag-les-feuilles-mortes","tag-les-parapluies-de-cherbourg","tag-lloyd-arriola","tag-marlene-dietrich","tag-marlene-dietrich-cherche-la-rose","tag-massenet-werther","tag-michel-jourdan","tag-michel-legrand","tag-miguel-villabella","tag-mirella-freni","tag-muriel-smith","tag-natalie-dessay","tag-nicolai-gedda","tag-non-cest-rien-free-again","tag-offenbach-tales-of-hoffmann","tag-paladilhe-psyche","tag-petula-clark","tag-pierre-delanoe","tag-puccini-in-french","tag-raoul-jobin","tag-recit-de-cassard-les-parapluies-de-cherbourg","tag-rene-rouzaud","tag-reynaldo-hahn","tag-richard-verreau","tag-serge-gainsbourg","tag-stuart-burrows","tag-the-umbrellas-of-cherbourg","tag-thelonious-monk","tag-tony-poncet","tag-tous-les-garcons-et-les-filles","tag-un-jour-mon-prince-viendra"],"author_meta":{"display_name":"admin","author_link":"https:\/\/countermelodypodcast.com\/index.php\/author\/admin\/"},"featured_img":"https:\/\/countermelodypodcast.com\/wp-content\/uploads\/2020\/07\/Dietrich-Officer-TRIMMED-300x139.jpg","coauthors":[],"tax_additional":{"categories":{"linked":["<a href=\"https:\/\/countermelodypodcast.com\/index.php\/category\/african-american-opera-singers\/\" class=\"advgb-post-tax-term\">African American Opera Singers<\/a>","<a href=\"https:\/\/countermelodypodcast.com\/index.php\/category\/african-american-singers\/\" class=\"advgb-post-tax-term\">African American Singers<\/a>","<a href=\"https:\/\/countermelodypodcast.com\/index.php\/category\/art-song\/\" class=\"advgb-post-tax-term\">Art Song<\/a>","<a href=\"https:\/\/countermelodypodcast.com\/index.php\/category\/crossover\/\" class=\"advgb-post-tax-term\">Crossover<\/a>","<a href=\"https:\/\/countermelodypodcast.com\/index.php\/category\/happy-birthday\/\" class=\"advgb-post-tax-term\">Happy Birthday<\/a>","<a href=\"https:\/\/countermelodypodcast.com\/index.php\/category\/holiday-music\/\" class=\"advgb-post-tax-term\">Holiday Music<\/a>","<a href=\"https:\/\/countermelodypodcast.com\/index.php\/category\/in-memoriam\/\" class=\"advgb-post-tax-term\">In Memoriam<\/a>"],"unlinked":["<span class=\"advgb-post-tax-term\">African American Opera Singers<\/span>","<span class=\"advgb-post-tax-term\">African American Singers<\/span>","<span class=\"advgb-post-tax-term\">Art Song<\/span>","<span class=\"advgb-post-tax-term\">Crossover<\/span>","<span class=\"advgb-post-tax-term\">Happy Birthday<\/span>","<span class=\"advgb-post-tax-term\">Holiday Music<\/span>","<span class=\"advgb-post-tax-term\">In Memoriam<\/span>"]},"tags":{"linked":["<a href=\"https:\/\/countermelodypodcast.com\/index.php\/category\/in-memoriam\/\" class=\"advgb-post-tax-term\">Adam Le Postillon de Longjumeau<\/a>","<a href=\"https:\/\/countermelodypodcast.com\/index.php\/category\/in-memoriam\/\" class=\"advgb-post-tax-term\">Adolphe Adam<\/a>","<a href=\"https:\/\/countermelodypodcast.com\/index.php\/category\/in-memoriam\/\" class=\"advgb-post-tax-term\">Albert Lance<\/a>","<a href=\"https:\/\/countermelodypodcast.com\/index.php\/category\/in-memoriam\/\" class=\"advgb-post-tax-term\">Alfred Bachelet<\/a>","<a href=\"https:\/\/countermelodypodcast.com\/index.php\/category\/in-memoriam\/\" class=\"advgb-post-tax-term\">Alfredo Kraus<\/a>","<a href=\"https:\/\/countermelodypodcast.com\/index.php\/category\/in-memoriam\/\" class=\"advgb-post-tax-term\">Allen Rogers<\/a>","<a href=\"https:\/\/countermelodypodcast.com\/index.php\/category\/in-memoriam\/\" class=\"advgb-post-tax-term\">Andr\u00e9 Cluytens<\/a>","<a href=\"https:\/\/countermelodypodcast.com\/index.php\/category\/in-memoriam\/\" class=\"advgb-post-tax-term\">Andr\u00e9 d\u2019Arkor<\/a>","<a href=\"https:\/\/countermelodypodcast.com\/index.php\/category\/in-memoriam\/\" class=\"advgb-post-tax-term\">Annie Lennox<\/a>","<a href=\"https:\/\/countermelodypodcast.com\/index.php\/category\/in-memoriam\/\" class=\"advgb-post-tax-term\">Armand Canfora<\/a>","<a href=\"https:\/\/countermelodypodcast.com\/index.php\/category\/in-memoriam\/\" class=\"advgb-post-tax-term\">Arthur Endr\u00e8ze<\/a>","<a href=\"https:\/\/countermelodypodcast.com\/index.php\/category\/in-memoriam\/\" class=\"advgb-post-tax-term\">Autour de minuit (Round Midnight)<\/a>","<a href=\"https:\/\/countermelodypodcast.com\/index.php\/category\/in-memoriam\/\" class=\"advgb-post-tax-term\">Barbara Hendricks<\/a>","<a href=\"https:\/\/countermelodypodcast.com\/index.php\/category\/in-memoriam\/\" class=\"advgb-post-tax-term\">Barbra Streisand<\/a>","<a href=\"https:\/\/countermelodypodcast.com\/index.php\/category\/in-memoriam\/\" class=\"advgb-post-tax-term\">Berlioz Za\u00efde<\/a>","<a href=\"https:\/\/countermelodypodcast.com\/index.php\/category\/in-memoriam\/\" class=\"advgb-post-tax-term\">Bizet Les P\u00eacheurs de perles<\/a>","<a href=\"https:\/\/countermelodypodcast.com\/index.php\/category\/in-memoriam\/\" class=\"advgb-post-tax-term\">Bob Dylan<\/a>","<a href=\"https:\/\/countermelodypodcast.com\/index.php\/category\/in-memoriam\/\" class=\"advgb-post-tax-term\">Boieldieu La Dame blanche<\/a>","<a href=\"https:\/\/countermelodypodcast.com\/index.php\/category\/in-memoriam\/\" class=\"advgb-post-tax-term\">Carole King<\/a>","<a href=\"https:\/\/countermelodypodcast.com\/index.php\/category\/in-memoriam\/\" class=\"advgb-post-tax-term\">Charles Chaplin<\/a>","<a href=\"https:\/\/countermelodypodcast.com\/index.php\/category\/in-memoriam\/\" class=\"advgb-post-tax-term\">Charles Gounod<\/a>","<a href=\"https:\/\/countermelodypodcast.com\/index.php\/category\/in-memoriam\/\" class=\"advgb-post-tax-term\">Cherche la rose<\/a>","<a href=\"https:\/\/countermelodypodcast.com\/index.php\/category\/in-memoriam\/\" class=\"advgb-post-tax-term\">Ch\u00e8re nuit<\/a>","<a href=\"https:\/\/countermelodypodcast.com\/index.php\/category\/in-memoriam\/\" class=\"advgb-post-tax-term\">Claude Joseph Rouget de Lisle<\/a>","<a href=\"https:\/\/countermelodypodcast.com\/index.php\/category\/in-memoriam\/\" class=\"advgb-post-tax-term\">Comment te dire adieu<\/a>","<a href=\"https:\/\/countermelodypodcast.com\/index.php\/category\/in-memoriam\/\" class=\"advgb-post-tax-term\">Dalida<\/a>","<a href=\"https:\/\/countermelodypodcast.com\/index.php\/category\/in-memoriam\/\" class=\"advgb-post-tax-term\">Daniel Beckwith<\/a>","<a href=\"https:\/\/countermelodypodcast.com\/index.php\/category\/in-memoriam\/\" class=\"advgb-post-tax-term\">Daniel Behle<\/a>","<a href=\"https:\/\/countermelodypodcast.com\/index.php\/category\/in-memoriam\/\" class=\"advgb-post-tax-term\">Daniel Gundlach<\/a>","<a href=\"https:\/\/countermelodypodcast.com\/index.php\/category\/in-memoriam\/\" class=\"advgb-post-tax-term\">Dans le souffle du vent [Blowin\u2019 in the Wind]<\/a>","<a href=\"https:\/\/countermelodypodcast.com\/index.php\/category\/in-memoriam\/\" class=\"advgb-post-tax-term\">Dave Stewart<\/a>","<a href=\"https:\/\/countermelodypodcast.com\/index.php\/category\/in-memoriam\/\" class=\"advgb-post-tax-term\">Demain tu peux changer<\/a>","<a href=\"https:\/\/countermelodypodcast.com\/index.php\/category\/in-memoriam\/\" class=\"advgb-post-tax-term\">Duparc Au pays o\u00f9 se fait la guerre<\/a>","<a href=\"https:\/\/countermelodypodcast.com\/index.php\/category\/in-memoriam\/\" class=\"advgb-post-tax-term\">Duparc Chanson triste<\/a>","<a href=\"https:\/\/countermelodypodcast.com\/index.php\/category\/in-memoriam\/\" class=\"advgb-post-tax-term\">Dusty Springfield<\/a>","<a href=\"https:\/\/countermelodypodcast.com\/index.php\/category\/in-memoriam\/\" class=\"advgb-post-tax-term\">Dylan Aufray Dans le souffle du vent<\/a>","<a href=\"https:\/\/countermelodypodcast.com\/index.php\/category\/in-memoriam\/\" class=\"advgb-post-tax-term\">Eartha Kitt<\/a>","<a href=\"https:\/\/countermelodypodcast.com\/index.php\/category\/in-memoriam\/\" class=\"advgb-post-tax-term\">\u00c9douard Lalo<\/a>","<a href=\"https:\/\/countermelodypodcast.com\/index.php\/category\/in-memoriam\/\" class=\"advgb-post-tax-term\">Eleanor Steber<\/a>","<a href=\"https:\/\/countermelodypodcast.com\/index.php\/category\/in-memoriam\/\" class=\"advgb-post-tax-term\">Elie Cohen<\/a>","<a href=\"https:\/\/countermelodypodcast.com\/index.php\/category\/in-memoriam\/\" class=\"advgb-post-tax-term\">Elis Regina<\/a>","<a href=\"https:\/\/countermelodypodcast.com\/index.php\/category\/in-memoriam\/\" class=\"advgb-post-tax-term\">Emile Paladilhe<\/a>","<a href=\"https:\/\/countermelodypodcast.com\/index.php\/category\/in-memoriam\/\" class=\"advgb-post-tax-term\">Eurythmics<\/a>","<a href=\"https:\/\/countermelodypodcast.com\/index.php\/category\/in-memoriam\/\" class=\"advgb-post-tax-term\">Eurythmics Tous les gar\u00e7ons et les filles<\/a>","<a href=\"https:\/\/countermelodypodcast.com\/index.php\/category\/in-memoriam\/\" class=\"advgb-post-tax-term\">Frances Alda<\/a>","<a href=\"https:\/\/countermelodypodcast.com\/index.php\/category\/in-memoriam\/\" class=\"advgb-post-tax-term\">Franco Corelli<\/a>","<a href=\"https:\/\/countermelodypodcast.com\/index.php\/category\/in-memoriam\/\" class=\"advgb-post-tax-term\">Fran\u00e7ois Adrien Boieldieu<\/a>","<a href=\"https:\/\/countermelodypodcast.com\/index.php\/category\/in-memoriam\/\" class=\"advgb-post-tax-term\">Fran\u00e7oise Hardy<\/a>","<a href=\"https:\/\/countermelodypodcast.com\/index.php\/category\/in-memoriam\/\" class=\"advgb-post-tax-term\">Franz Leh\u00e1r<\/a>","<a href=\"https:\/\/countermelodypodcast.com\/index.php\/category\/in-memoriam\/\" class=\"advgb-post-tax-term\">Fr\u00e9d\u00e9ric Chopin<\/a>","<a href=\"https:\/\/countermelodypodcast.com\/index.php\/category\/in-memoriam\/\" class=\"advgb-post-tax-term\">Free Again<\/a>","<a href=\"https:\/\/countermelodypodcast.com\/index.php\/category\/in-memoriam\/\" class=\"advgb-post-tax-term\">Gabriel Faure<\/a>","<a href=\"https:\/\/countermelodypodcast.com\/index.php\/category\/in-memoriam\/\" class=\"advgb-post-tax-term\">George Bizet<\/a>","<a href=\"https:\/\/countermelodypodcast.com\/index.php\/category\/in-memoriam\/\" class=\"advgb-post-tax-term\">Georges Pretre<\/a>","<a href=\"https:\/\/countermelodypodcast.com\/index.php\/category\/in-memoriam\/\" class=\"advgb-post-tax-term\">Georges Thill<\/a>","<a href=\"https:\/\/countermelodypodcast.com\/index.php\/category\/in-memoriam\/\" class=\"advgb-post-tax-term\">Giacomo Puccini<\/a>","<a href=\"https:\/\/countermelodypodcast.com\/index.php\/category\/in-memoriam\/\" class=\"advgb-post-tax-term\">Glamour<\/a>","<a href=\"https:\/\/countermelodypodcast.com\/index.php\/category\/in-memoriam\/\" class=\"advgb-post-tax-term\">Gounod Rom\u00e9o et Juliette<\/a>","<a href=\"https:\/\/countermelodypodcast.com\/index.php\/category\/in-memoriam\/\" class=\"advgb-post-tax-term\">Gustave Charpentier<\/a>","<a href=\"https:\/\/countermelodypodcast.com\/index.php\/category\/in-memoriam\/\" class=\"advgb-post-tax-term\">Hector Berlioz<\/a>","<a href=\"https:\/\/countermelodypodcast.com\/index.php\/category\/in-memoriam\/\" class=\"advgb-post-tax-term\">Henri Duparc<\/a>","<a href=\"https:\/\/countermelodypodcast.com\/index.php\/category\/in-memoriam\/\" class=\"advgb-post-tax-term\">Henri Salvador<\/a>","<a href=\"https:\/\/countermelodypodcast.com\/index.php\/category\/in-memoriam\/\" class=\"advgb-post-tax-term\">Hugues Aufray<\/a>","<a href=\"https:\/\/countermelodypodcast.com\/index.php\/category\/in-memoriam\/\" class=\"advgb-post-tax-term\">Hugues Aufray Chante Dylan<\/a>","<a href=\"https:\/\/countermelodypodcast.com\/index.php\/category\/in-memoriam\/\" class=\"advgb-post-tax-term\">Jacques Demy<\/a>","<a href=\"https:\/\/countermelodypodcast.com\/index.php\/category\/in-memoriam\/\" class=\"advgb-post-tax-term\">Jacques Offenbach<\/a>","<a href=\"https:\/\/countermelodypodcast.com\/index.php\/category\/in-memoriam\/\" class=\"advgb-post-tax-term\">Jacques Pr\u00e9vert<\/a>","<a href=\"https:\/\/countermelodypodcast.com\/index.php\/category\/in-memoriam\/\" class=\"advgb-post-tax-term\">Jean Fournet<\/a>","<a href=\"https:\/\/countermelodypodcast.com\/index.php\/category\/in-memoriam\/\" class=\"advgb-post-tax-term\">Jo Basile<\/a>","<a href=\"https:\/\/countermelodypodcast.com\/index.php\/category\/in-memoriam\/\" class=\"advgb-post-tax-term\">John Constable<\/a>","<a href=\"https:\/\/countermelodypodcast.com\/index.php\/category\/in-memoriam\/\" class=\"advgb-post-tax-term\">Joseph Kosma<\/a>","<a href=\"https:\/\/countermelodypodcast.com\/index.php\/category\/in-memoriam\/\" class=\"advgb-post-tax-term\">Joseph Rogatchewsky<\/a>","<a href=\"https:\/\/countermelodypodcast.com\/index.php\/category\/in-memoriam\/\" class=\"advgb-post-tax-term\">Jules Massenet<\/a>","<a href=\"https:\/\/countermelodypodcast.com\/index.php\/category\/in-memoriam\/\" class=\"advgb-post-tax-term\">La Marseillaise<\/a>","<a href=\"https:\/\/countermelodypodcast.com\/index.php\/category\/in-memoriam\/\" class=\"advgb-post-tax-term\">Lalo Le Roi d\u2019Ys<\/a>","<a href=\"https:\/\/countermelodypodcast.com\/index.php\/category\/in-memoriam\/\" class=\"advgb-post-tax-term\">Le Postillon de Longjumeau<\/a>","<a href=\"https:\/\/countermelodypodcast.com\/index.php\/category\/in-memoriam\/\" class=\"advgb-post-tax-term\">Le Roi d\u2019Ys<\/a>","<a href=\"https:\/\/countermelodypodcast.com\/index.php\/category\/in-memoriam\/\" class=\"advgb-post-tax-term\">Leh\u00e1r Le Pays du Sourire<\/a>","<a href=\"https:\/\/countermelodypodcast.com\/index.php\/category\/in-memoriam\/\" class=\"advgb-post-tax-term\">Leopold Simoneau<\/a>","<a href=\"https:\/\/countermelodypodcast.com\/index.php\/category\/in-memoriam\/\" class=\"advgb-post-tax-term\">Les feuilles mortes<\/a>","<a href=\"https:\/\/countermelodypodcast.com\/index.php\/category\/in-memoriam\/\" class=\"advgb-post-tax-term\">Les parapluies de Cherbourg<\/a>","<a href=\"https:\/\/countermelodypodcast.com\/index.php\/category\/in-memoriam\/\" class=\"advgb-post-tax-term\">Lloyd Arriola<\/a>","<a href=\"https:\/\/countermelodypodcast.com\/index.php\/category\/in-memoriam\/\" class=\"advgb-post-tax-term\">Marlene Dietrich<\/a>","<a href=\"https:\/\/countermelodypodcast.com\/index.php\/category\/in-memoriam\/\" class=\"advgb-post-tax-term\">Marlene Dietrich Cherche la rose<\/a>","<a href=\"https:\/\/countermelodypodcast.com\/index.php\/category\/in-memoriam\/\" class=\"advgb-post-tax-term\">Massenet Werther<\/a>","<a href=\"https:\/\/countermelodypodcast.com\/index.php\/category\/in-memoriam\/\" class=\"advgb-post-tax-term\">Michel Jourdan<\/a>","<a href=\"https:\/\/countermelodypodcast.com\/index.php\/category\/in-memoriam\/\" class=\"advgb-post-tax-term\">Michel Legrand<\/a>","<a href=\"https:\/\/countermelodypodcast.com\/index.php\/category\/in-memoriam\/\" class=\"advgb-post-tax-term\">Miguel Villabella<\/a>","<a href=\"https:\/\/countermelodypodcast.com\/index.php\/category\/in-memoriam\/\" class=\"advgb-post-tax-term\">Mirella Freni<\/a>","<a href=\"https:\/\/countermelodypodcast.com\/index.php\/category\/in-memoriam\/\" class=\"advgb-post-tax-term\">Muriel Smith<\/a>","<a href=\"https:\/\/countermelodypodcast.com\/index.php\/category\/in-memoriam\/\" class=\"advgb-post-tax-term\">Natalie Dessay<\/a>","<a href=\"https:\/\/countermelodypodcast.com\/index.php\/category\/in-memoriam\/\" class=\"advgb-post-tax-term\">Nicolai Gedda<\/a>","<a href=\"https:\/\/countermelodypodcast.com\/index.php\/category\/in-memoriam\/\" class=\"advgb-post-tax-term\">Non... c\u2019est rien [Free Again]<\/a>","<a href=\"https:\/\/countermelodypodcast.com\/index.php\/category\/in-memoriam\/\" class=\"advgb-post-tax-term\">Offenbach Tales of Hoffmann<\/a>","<a href=\"https:\/\/countermelodypodcast.com\/index.php\/category\/in-memoriam\/\" class=\"advgb-post-tax-term\">Paladilhe Psych\u00e9<\/a>","<a href=\"https:\/\/countermelodypodcast.com\/index.php\/category\/in-memoriam\/\" class=\"advgb-post-tax-term\">Petula Clark<\/a>","<a href=\"https:\/\/countermelodypodcast.com\/index.php\/category\/in-memoriam\/\" class=\"advgb-post-tax-term\">Pierre Delano\u00eb<\/a>","<a href=\"https:\/\/countermelodypodcast.com\/index.php\/category\/in-memoriam\/\" class=\"advgb-post-tax-term\">Puccini in French<\/a>","<a href=\"https:\/\/countermelodypodcast.com\/index.php\/category\/in-memoriam\/\" class=\"advgb-post-tax-term\">Raoul Jobin<\/a>","<a href=\"https:\/\/countermelodypodcast.com\/index.php\/category\/in-memoriam\/\" class=\"advgb-post-tax-term\">R\u00e9cit de Cassard (Les parapluies de Cherbourg)<\/a>","<a href=\"https:\/\/countermelodypodcast.com\/index.php\/category\/in-memoriam\/\" class=\"advgb-post-tax-term\">Ren\u00e9 Rouzaud<\/a>","<a href=\"https:\/\/countermelodypodcast.com\/index.php\/category\/in-memoriam\/\" class=\"advgb-post-tax-term\">Reynaldo Hahn<\/a>","<a href=\"https:\/\/countermelodypodcast.com\/index.php\/category\/in-memoriam\/\" class=\"advgb-post-tax-term\">Richard Verreau<\/a>","<a href=\"https:\/\/countermelodypodcast.com\/index.php\/category\/in-memoriam\/\" class=\"advgb-post-tax-term\">Serge Gainsbourg<\/a>","<a href=\"https:\/\/countermelodypodcast.com\/index.php\/category\/in-memoriam\/\" class=\"advgb-post-tax-term\">Stuart Burrows<\/a>","<a href=\"https:\/\/countermelodypodcast.com\/index.php\/category\/in-memoriam\/\" class=\"advgb-post-tax-term\">The Umbrellas of Cherbourg<\/a>","<a href=\"https:\/\/countermelodypodcast.com\/index.php\/category\/in-memoriam\/\" class=\"advgb-post-tax-term\">Thelonious Monk<\/a>","<a href=\"https:\/\/countermelodypodcast.com\/index.php\/category\/in-memoriam\/\" class=\"advgb-post-tax-term\">Tony Poncet<\/a>","<a href=\"https:\/\/countermelodypodcast.com\/index.php\/category\/in-memoriam\/\" class=\"advgb-post-tax-term\">Tous les gar\u00e7ons et les filles<\/a>","<a href=\"https:\/\/countermelodypodcast.com\/index.php\/category\/in-memoriam\/\" class=\"advgb-post-tax-term\">Un jour mon prince viendra<\/a>"],"unlinked":["<span class=\"advgb-post-tax-term\">Adam Le Postillon de Longjumeau<\/span>","<span class=\"advgb-post-tax-term\">Adolphe Adam<\/span>","<span class=\"advgb-post-tax-term\">Albert Lance<\/span>","<span class=\"advgb-post-tax-term\">Alfred Bachelet<\/span>","<span class=\"advgb-post-tax-term\">Alfredo Kraus<\/span>","<span class=\"advgb-post-tax-term\">Allen Rogers<\/span>","<span class=\"advgb-post-tax-term\">Andr\u00e9 Cluytens<\/span>","<span class=\"advgb-post-tax-term\">Andr\u00e9 d\u2019Arkor<\/span>","<span class=\"advgb-post-tax-term\">Annie Lennox<\/span>","<span class=\"advgb-post-tax-term\">Armand Canfora<\/span>","<span class=\"advgb-post-tax-term\">Arthur Endr\u00e8ze<\/span>","<span class=\"advgb-post-tax-term\">Autour de minuit (Round Midnight)<\/span>","<span class=\"advgb-post-tax-term\">Barbara Hendricks<\/span>","<span class=\"advgb-post-tax-term\">Barbra Streisand<\/span>","<span class=\"advgb-post-tax-term\">Berlioz Za\u00efde<\/span>","<span class=\"advgb-post-tax-term\">Bizet Les P\u00eacheurs de perles<\/span>","<span class=\"advgb-post-tax-term\">Bob Dylan<\/span>","<span class=\"advgb-post-tax-term\">Boieldieu La Dame blanche<\/span>","<span class=\"advgb-post-tax-term\">Carole King<\/span>","<span class=\"advgb-post-tax-term\">Charles Chaplin<\/span>","<span class=\"advgb-post-tax-term\">Charles Gounod<\/span>","<span class=\"advgb-post-tax-term\">Cherche la rose<\/span>","<span class=\"advgb-post-tax-term\">Ch\u00e8re nuit<\/span>","<span class=\"advgb-post-tax-term\">Claude Joseph Rouget de Lisle<\/span>","<span class=\"advgb-post-tax-term\">Comment te dire adieu<\/span>","<span class=\"advgb-post-tax-term\">Dalida<\/span>","<span class=\"advgb-post-tax-term\">Daniel Beckwith<\/span>","<span class=\"advgb-post-tax-term\">Daniel Behle<\/span>","<span class=\"advgb-post-tax-term\">Daniel Gundlach<\/span>","<span class=\"advgb-post-tax-term\">Dans le souffle du vent [Blowin\u2019 in the Wind]<\/span>","<span class=\"advgb-post-tax-term\">Dave Stewart<\/span>","<span class=\"advgb-post-tax-term\">Demain tu peux changer<\/span>","<span class=\"advgb-post-tax-term\">Duparc Au pays o\u00f9 se fait la guerre<\/span>","<span class=\"advgb-post-tax-term\">Duparc Chanson triste<\/span>","<span class=\"advgb-post-tax-term\">Dusty Springfield<\/span>","<span class=\"advgb-post-tax-term\">Dylan Aufray Dans le souffle du vent<\/span>","<span class=\"advgb-post-tax-term\">Eartha Kitt<\/span>","<span class=\"advgb-post-tax-term\">\u00c9douard Lalo<\/span>","<span class=\"advgb-post-tax-term\">Eleanor Steber<\/span>","<span class=\"advgb-post-tax-term\">Elie Cohen<\/span>","<span class=\"advgb-post-tax-term\">Elis Regina<\/span>","<span class=\"advgb-post-tax-term\">Emile Paladilhe<\/span>","<span class=\"advgb-post-tax-term\">Eurythmics<\/span>","<span class=\"advgb-post-tax-term\">Eurythmics Tous les gar\u00e7ons et les filles<\/span>","<span class=\"advgb-post-tax-term\">Frances Alda<\/span>","<span class=\"advgb-post-tax-term\">Franco Corelli<\/span>","<span class=\"advgb-post-tax-term\">Fran\u00e7ois Adrien Boieldieu<\/span>","<span class=\"advgb-post-tax-term\">Fran\u00e7oise Hardy<\/span>","<span class=\"advgb-post-tax-term\">Franz Leh\u00e1r<\/span>","<span class=\"advgb-post-tax-term\">Fr\u00e9d\u00e9ric Chopin<\/span>","<span class=\"advgb-post-tax-term\">Free Again<\/span>","<span class=\"advgb-post-tax-term\">Gabriel Faure<\/span>","<span class=\"advgb-post-tax-term\">George Bizet<\/span>","<span class=\"advgb-post-tax-term\">Georges Pretre<\/span>","<span class=\"advgb-post-tax-term\">Georges Thill<\/span>","<span class=\"advgb-post-tax-term\">Giacomo Puccini<\/span>","<span class=\"advgb-post-tax-term\">Glamour<\/span>","<span class=\"advgb-post-tax-term\">Gounod Rom\u00e9o et Juliette<\/span>","<span class=\"advgb-post-tax-term\">Gustave Charpentier<\/span>","<span class=\"advgb-post-tax-term\">Hector Berlioz<\/span>","<span class=\"advgb-post-tax-term\">Henri Duparc<\/span>","<span class=\"advgb-post-tax-term\">Henri Salvador<\/span>","<span class=\"advgb-post-tax-term\">Hugues Aufray<\/span>","<span class=\"advgb-post-tax-term\">Hugues Aufray Chante Dylan<\/span>","<span class=\"advgb-post-tax-term\">Jacques Demy<\/span>","<span class=\"advgb-post-tax-term\">Jacques Offenbach<\/span>","<span class=\"advgb-post-tax-term\">Jacques Pr\u00e9vert<\/span>","<span class=\"advgb-post-tax-term\">Jean Fournet<\/span>","<span class=\"advgb-post-tax-term\">Jo Basile<\/span>","<span class=\"advgb-post-tax-term\">John Constable<\/span>","<span class=\"advgb-post-tax-term\">Joseph Kosma<\/span>","<span class=\"advgb-post-tax-term\">Joseph Rogatchewsky<\/span>","<span class=\"advgb-post-tax-term\">Jules Massenet<\/span>","<span class=\"advgb-post-tax-term\">La Marseillaise<\/span>","<span class=\"advgb-post-tax-term\">Lalo Le Roi d\u2019Ys<\/span>","<span class=\"advgb-post-tax-term\">Le Postillon de Longjumeau<\/span>","<span class=\"advgb-post-tax-term\">Le Roi d\u2019Ys<\/span>","<span class=\"advgb-post-tax-term\">Leh\u00e1r Le Pays du Sourire<\/span>","<span class=\"advgb-post-tax-term\">Leopold Simoneau<\/span>","<span class=\"advgb-post-tax-term\">Les feuilles mortes<\/span>","<span class=\"advgb-post-tax-term\">Les parapluies de Cherbourg<\/span>","<span class=\"advgb-post-tax-term\">Lloyd Arriola<\/span>","<span class=\"advgb-post-tax-term\">Marlene Dietrich<\/span>","<span class=\"advgb-post-tax-term\">Marlene Dietrich Cherche la rose<\/span>","<span class=\"advgb-post-tax-term\">Massenet Werther<\/span>","<span class=\"advgb-post-tax-term\">Michel Jourdan<\/span>","<span class=\"advgb-post-tax-term\">Michel Legrand<\/span>","<span class=\"advgb-post-tax-term\">Miguel Villabella<\/span>","<span class=\"advgb-post-tax-term\">Mirella Freni<\/span>","<span class=\"advgb-post-tax-term\">Muriel Smith<\/span>","<span class=\"advgb-post-tax-term\">Natalie Dessay<\/span>","<span class=\"advgb-post-tax-term\">Nicolai Gedda<\/span>","<span class=\"advgb-post-tax-term\">Non... c\u2019est rien [Free Again]<\/span>","<span class=\"advgb-post-tax-term\">Offenbach Tales of Hoffmann<\/span>","<span class=\"advgb-post-tax-term\">Paladilhe Psych\u00e9<\/span>","<span class=\"advgb-post-tax-term\">Petula Clark<\/span>","<span class=\"advgb-post-tax-term\">Pierre Delano\u00eb<\/span>","<span class=\"advgb-post-tax-term\">Puccini in French<\/span>","<span class=\"advgb-post-tax-term\">Raoul Jobin<\/span>","<span class=\"advgb-post-tax-term\">R\u00e9cit de Cassard (Les parapluies de Cherbourg)<\/span>","<span class=\"advgb-post-tax-term\">Ren\u00e9 Rouzaud<\/span>","<span class=\"advgb-post-tax-term\">Reynaldo Hahn<\/span>","<span class=\"advgb-post-tax-term\">Richard Verreau<\/span>","<span class=\"advgb-post-tax-term\">Serge Gainsbourg<\/span>","<span class=\"advgb-post-tax-term\">Stuart Burrows<\/span>","<span class=\"advgb-post-tax-term\">The Umbrellas of Cherbourg<\/span>","<span class=\"advgb-post-tax-term\">Thelonious Monk<\/span>","<span class=\"advgb-post-tax-term\">Tony Poncet<\/span>","<span class=\"advgb-post-tax-term\">Tous les gar\u00e7ons et les filles<\/span>","<span class=\"advgb-post-tax-term\">Un jour mon prince viendra<\/span>"]}},"comment_count":"0","relative_dates":{"created":"Posted 6 years ago","modified":"Updated 6 years ago"},"absolute_dates":{"created":"Posted on 20\/07\/2020","modified":"Updated on 20\/07\/2020"},"absolute_dates_time":{"created":"Posted on 20\/07\/2020 00:37","modified":"Updated on 20\/07\/2020 00:48"},"featured_img_caption":"","series_order":"","_links":{"self":[{"href":"https:\/\/countermelodypodcast.com\/index.php\/wp-json\/wp\/v2\/posts\/5119","targetHints":{"allow":["GET"]}}],"collection":[{"href":"https:\/\/countermelodypodcast.com\/index.php\/wp-json\/wp\/v2\/posts"}],"about":[{"href":"https:\/\/countermelodypodcast.com\/index.php\/wp-json\/wp\/v2\/types\/post"}],"author":[{"embeddable":true,"href":"https:\/\/countermelodypodcast.com\/index.php\/wp-json\/wp\/v2\/users\/1"}],"replies":[{"embeddable":true,"href":"https:\/\/countermelodypodcast.com\/index.php\/wp-json\/wp\/v2\/comments?post=5119"}],"version-history":[{"count":10,"href":"https:\/\/countermelodypodcast.com\/index.php\/wp-json\/wp\/v2\/posts\/5119\/revisions"}],"predecessor-version":[{"id":5177,"href":"https:\/\/countermelodypodcast.com\/index.php\/wp-json\/wp\/v2\/posts\/5119\/revisions\/5177"}],"wp:featuredmedia":[{"embeddable":true,"href":"https:\/\/countermelodypodcast.com\/index.php\/wp-json\/wp\/v2\/media\/5169"}],"wp:attachment":[{"href":"https:\/\/countermelodypodcast.com\/index.php\/wp-json\/wp\/v2\/media?parent=5119"}],"wp:term":[{"taxonomy":"category","embeddable":true,"href":"https:\/\/countermelodypodcast.com\/index.php\/wp-json\/wp\/v2\/categories?post=5119"},{"taxonomy":"post_tag","embeddable":true,"href":"https:\/\/countermelodypodcast.com\/index.php\/wp-json\/wp\/v2\/tags?post=5119"}],"curies":[{"name":"wp","href":"https:\/\/api.w.org\/{rel}","templated":true}]}}