{"id":19307,"date":"2025-10-27T12:55:41","date_gmt":"2025-10-27T11:55:41","guid":{"rendered":"https:\/\/countermelodypodcast.com\/?p=19307"},"modified":"2025-10-28T09:45:47","modified_gmt":"2025-10-28T08:45:47","slug":"episode-406-dans-belated-birthday-gals-soprano-edition","status":"publish","type":"post","link":"https:\/\/countermelodypodcast.com\/index.php\/2025\/10\/27\/episode-406-dans-belated-birthday-gals-soprano-edition\/","title":{"rendered":"Episode 406. Dan\u2019s Belated Birthday Gals (Soprano Edition)"},"content":{"rendered":"<div id=\"mega-menu-wrap-primary\" class=\"mega-menu-wrap\"><div class=\"mega-menu-toggle\"><div class=\"mega-toggle-blocks-left\"><\/div><div class=\"mega-toggle-blocks-center\"><\/div><div class=\"mega-toggle-blocks-right\"><div class='mega-toggle-block mega-menu-toggle-animated-block mega-toggle-block-1' id='mega-toggle-block-1'><button aria-controls=\"mega-menu-primary\" aria-expanded=\"false\" aria-haspopup=\"true\" aria-label=\"Menu\" class=\"mega-toggle-animated mega-toggle-animated-slider\" type=\"button\">\n                  <span class=\"mega-toggle-animated-box\">\n                    <span class=\"mega-toggle-animated-inner\"><\/span>\n                  <\/span>\n                <\/button><\/div><\/div><\/div><ul id=\"mega-menu-primary\" class=\"mega-menu max-mega-menu mega-menu-horizontal mega-no-js\" data-event=\"hover_intent\" data-effect=\"slide\" data-effect-speed=\"200\" data-effect-mobile=\"slide\" data-effect-speed-mobile=\"200\" data-mobile-force-width=\"body\" data-second-click=\"go\" data-document-click=\"collapse\" data-vertical-behaviour=\"standard\" data-breakpoint=\"600\" data-unbind=\"true\" data-mobile-state=\"collapse_all\" data-mobile-direction=\"vertical\"><li class=\"mega-menu-item mega-menu-item-type-post_type mega-menu-item-object-page mega-menu-item-home mega-align-bottom-left mega-menu-flyout mega-menu-item-19160\" id=\"mega-menu-item-19160\"><a class=\"mega-menu-link\" href=\"https:\/\/countermelodypodcast.com\/\">Home<\/a><\/li><li class=\"mega-menu-item mega-menu-item-type-post_type mega-menu-item-object-page mega-align-bottom-left mega-menu-flyout mega-menu-item-19161\" id=\"mega-menu-item-19161\"><a class=\"mega-menu-link\" href=\"https:\/\/countermelodypodcast.com\/index.php\/about-daniel\/\">About Daniel<\/a><\/li><li class=\"mega-menu-item mega-menu-item-type-post_type mega-menu-item-object-page mega-current_page_parent mega-align-bottom-left mega-menu-flyout mega-menu-item-19171\" id=\"mega-menu-item-19171\"><a class=\"mega-menu-link\" href=\"https:\/\/countermelodypodcast.com\/index.php\/all-episodes\/\">All Episodes<\/a><\/li><\/ul><\/div>\n\n\n\n<h2 class=\"wp-block-heading\">Episode 406. Dan\u2019s Belated Birthday Gals (Soprano Edition)<\/h2>\n\n\n\n<iframe loading=\"lazy\" width=\"340\" height=\"50\" src=\"https:\/\/countermelody.blubrry.net\/?powerpress_embed=1733-podcast&amp;powerpress_player=mediaelement-audio\" title=\"Blubrry Podcast Player\" frameborder=\"0\" scrolling=\"no\"><\/iframe>\n\n\n\n<div class=\"wp-block-columns is-layout-flex wp-container-core-columns-is-layout-9d6595d7 wp-block-columns-is-layout-flex\">\n<div class=\"wp-block-column is-layout-flow wp-block-column-is-layout-flow\">\n<p><strong>SOCIAL SHARE<\/strong><\/p>\n<\/div>\n\n\n\n<div class=\"wp-block-column is-layout-flow wp-block-column-is-layout-flow\">\n<p class=\"has-text-align-right\"><strong>SUBSCRIPTION PLATFORM<\/strong><\/p>\n<\/div>\n<\/div>\n\n\n\n<div class=\"wp-block-columns is-layout-flex wp-container-core-columns-is-layout-9d6595d7 wp-block-columns-is-layout-flex\">\n<div class=\"wp-block-column is-layout-flow wp-block-column-is-layout-flow\"><\/div>\n\n\n\n<div class=\"wp-block-column is-layout-flow wp-block-column-is-layout-flow\">\n<div class=\"wp-block-buttons is-horizontal is-content-justification-left is-layout-flex wp-container-core-buttons-is-layout-7e5fce0a wp-block-buttons-is-layout-flex\">\n<div class=\"wp-block-button\"><a class=\"wp-block-button__link no-border-radius wp-element-button\" href=\"https:\/\/countermelody.blubrry.net\/\">SUBSCRIBE VIA YOUR FAVORITE PODCAST PLATFORM<\/a><\/div>\n<\/div>\n<\/div>\n<\/div>\n\n\n\n<div style=\"height:100px\" aria-hidden=\"true\" class=\"wp-block-spacer\"><\/div>\n\n\n<div class=\"wp-block-image\">\n<figure class=\"aligncenter size-full is-resized\"><img loading=\"lazy\" decoding=\"async\" width=\"400\" height=\"394\" src=\"https:\/\/countermelodypodcast.com\/wp-content\/uploads\/2025\/10\/Andree-Esposito.jpg\" alt=\"\" class=\"wp-image-19337\" style=\"width:562px;height:auto\" srcset=\"https:\/\/countermelodypodcast.com\/wp-content\/uploads\/2025\/10\/Andree-Esposito.jpg 400w, https:\/\/countermelodypodcast.com\/wp-content\/uploads\/2025\/10\/Andree-Esposito-300x296.jpg 300w\" sizes=\"auto, (max-width: 400px) 100vw, 400px\" \/><figcaption class=\"wp-element-caption\">Andr\u00e9e Esposito<\/figcaption><\/figure>\n<\/div>\n\n\n<div style=\"height:38px\" aria-hidden=\"true\" class=\"wp-block-spacer\"><\/div>\n\n\n\n<p>The last of my festive potpourri episodes for this, my birthday month, this episode focuses on a favorite vocal range of this opera queen: the soprano voice, in all its variety and glory. Included are such pristine lyric voices as Erika K\u00f6th, Benita Valente (who just departed us last weekend, shortly after celebrating her 91st birthday), Judith Raskin, Judith Blegen, Mattiwilda Dobbs, and Edith Mathis, among others; medium- to heavier-weight lyric voices such as Pilar Lorengar, Delia Rigal, Teresa Stratas, Taru Valjakka, Melitta Muszely, and Margarete Teschemacher; and \u201cambiguous\u201d voices as Arleen Aug\u00e9r, Martha Flowers, Irmgard Seefried, Andr\u00e9e Esposito, Jill Gomez, Faye Robinson, Hilde G\u00fcden, and Elizabeth Harwood which could, if you\u2019ll pardon the term, \u201cswing both ways,\u201d at least in terms of vocal weight! They perform a wide range of material of material including vocal chamber music by Manuel de Falla and Miriam Gideon; art song by Brahms, Bridge, Poulenc, Beethoven, Bizet, Granados, Sibelius, and Mahler; operetta and musical selections by Arlen, Leh\u00e1r, Stolz, and Kern; and full-throated operatic selections by Richard Strauss, Jacques Ibert, Leoncavallo, and Meyerbeer. It\u2019s another jam-packed episode guaranteed (in a limited sense) to bring you the full-range of listening pleasure.<\/p>\n\n\n\n<div style=\"height:47px\" aria-hidden=\"true\" class=\"wp-block-spacer\"><\/div>\n\n\n\n<p class=\"has-custom-size\" style=\"font-size:30px\"><strong> RECORDINGS HEARD IN THIS EPISODE<\/strong><\/p>\n\n\n\n<div style=\"height:55px\" aria-hidden=\"true\" class=\"wp-block-spacer\"><\/div>\n\n\n<div class=\"wp-block-image\">\n<figure class=\"aligncenter size-full\"><img loading=\"lazy\" decoding=\"async\" width=\"600\" height=\"947\" src=\"https:\/\/countermelodypodcast.com\/wp-content\/uploads\/2025\/10\/Erika-Koeth.jpg\" alt=\"\" class=\"wp-image-19311\" srcset=\"https:\/\/countermelodypodcast.com\/wp-content\/uploads\/2025\/10\/Erika-Koeth.jpg 600w, https:\/\/countermelodypodcast.com\/wp-content\/uploads\/2025\/10\/Erika-Koeth-190x300.jpg 190w\" sizes=\"auto, (max-width: 600px) 100vw, 600px\" \/><\/figure>\n<\/div>\n\n\n<p>Gottfried Heinrich St\u00f6lzel [formerly attributed Johann Sebastian Bach] as BWV 508: Bist du bei mir (<em>Diomedes<\/em>). Erika K\u00f6th, Gerald Moore [1964]<\/p>\n\n\n\n<div style=\"height:100px\" aria-hidden=\"true\" class=\"wp-block-spacer\"><\/div>\n\n\n<div class=\"wp-block-image\">\n<figure class=\"aligncenter size-large\"><img loading=\"lazy\" decoding=\"async\" width=\"1024\" height=\"860\" src=\"https:\/\/countermelodypodcast.com\/wp-content\/uploads\/2025\/10\/Benita-Valente-1024x860.jpg\" alt=\"\" class=\"wp-image-19312\" srcset=\"https:\/\/countermelodypodcast.com\/wp-content\/uploads\/2025\/10\/Benita-Valente-1024x860.jpg 1024w, https:\/\/countermelodypodcast.com\/wp-content\/uploads\/2025\/10\/Benita-Valente-300x252.jpg 300w, https:\/\/countermelodypodcast.com\/wp-content\/uploads\/2025\/10\/Benita-Valente-768x645.jpg 768w, https:\/\/countermelodypodcast.com\/wp-content\/uploads\/2025\/10\/Benita-Valente-1536x1289.jpg 1536w, https:\/\/countermelodypodcast.com\/wp-content\/uploads\/2025\/10\/Benita-Valente-1600x1343.jpg 1600w, https:\/\/countermelodypodcast.com\/wp-content\/uploads\/2025\/10\/Benita-Valente.jpg 1631w\" sizes=\"auto, (max-width: 1024px) 100vw, 1024px\" \/><\/figure>\n<\/div>\n\n\n<p>Manuel de Falla, Georges Jean-Aubry: Psych\u00e9. Benita Valente, Joanna Bassett, Laura Zaerr, Annie Fullard, Erika Eckert, Merry Peckham [1985]<\/p>\n\n\n\n<div style=\"height:100px\" aria-hidden=\"true\" class=\"wp-block-spacer\"><\/div>\n\n\n<div class=\"wp-block-image\">\n<figure class=\"aligncenter size-full\"><img loading=\"lazy\" decoding=\"async\" width=\"643\" height=\"818\" src=\"https:\/\/countermelodypodcast.com\/wp-content\/uploads\/2025\/10\/Judy-Raskin.png\" alt=\"\" class=\"wp-image-19313\" srcset=\"https:\/\/countermelodypodcast.com\/wp-content\/uploads\/2025\/10\/Judy-Raskin.png 643w, https:\/\/countermelodypodcast.com\/wp-content\/uploads\/2025\/10\/Judy-Raskin-236x300.png 236w\" sizes=\"auto, (max-width: 643px) 100vw, 643px\" \/><\/figure>\n<\/div>\n\n\n<p>Miriam Gideon, Frank Dempster Sherman: Witchery (<em>Nocturnes<\/em>, No. 3). Judith Raskin, John DeMain, Da Capo Chamber Players [Patricia Spencer, Joel Lester, Andre Emelianoff]), Ronald Roseman, Gordon Gottlieb [1978]<\/p>\n\n\n\n<div style=\"height:100px\" aria-hidden=\"true\" class=\"wp-block-spacer\"><\/div>\n\n\n<div class=\"wp-block-image\">\n<figure class=\"aligncenter size-full\"><img loading=\"lazy\" decoding=\"async\" width=\"542\" height=\"875\" src=\"https:\/\/countermelodypodcast.com\/wp-content\/uploads\/2025\/10\/Blegen-Modest-Glamour.png\" alt=\"\" class=\"wp-image-19314\" srcset=\"https:\/\/countermelodypodcast.com\/wp-content\/uploads\/2025\/10\/Blegen-Modest-Glamour.png 542w, https:\/\/countermelodypodcast.com\/wp-content\/uploads\/2025\/10\/Blegen-Modest-Glamour-186x300.png 186w\" sizes=\"auto, (max-width: 542px) 100vw, 542px\" \/><\/figure>\n<\/div>\n\n\n<p>Johannes Brahms, Klaus Groth: Es hing der Reif, Op. 106\/3. Judith Blegen, Martin Katz [1987]<\/p>\n\n\n\n<div style=\"height:100px\" aria-hidden=\"true\" class=\"wp-block-spacer\"><\/div>\n\n\n<div class=\"wp-block-image\">\n<figure class=\"aligncenter size-large\"><img loading=\"lazy\" decoding=\"async\" width=\"802\" height=\"1024\" src=\"https:\/\/countermelodypodcast.com\/wp-content\/uploads\/2025\/10\/Arleen-Auger-802x1024.jpg\" alt=\"\" class=\"wp-image-19315\" srcset=\"https:\/\/countermelodypodcast.com\/wp-content\/uploads\/2025\/10\/Arleen-Auger-802x1024.jpg 802w, https:\/\/countermelodypodcast.com\/wp-content\/uploads\/2025\/10\/Arleen-Auger-235x300.jpg 235w, https:\/\/countermelodypodcast.com\/wp-content\/uploads\/2025\/10\/Arleen-Auger-768x981.jpg 768w, https:\/\/countermelodypodcast.com\/wp-content\/uploads\/2025\/10\/Arleen-Auger-1203x1536.jpg 1203w, https:\/\/countermelodypodcast.com\/wp-content\/uploads\/2025\/10\/Arleen-Auger.jpg 1415w\" sizes=\"auto, (max-width: 802px) 100vw, 802px\" \/><\/figure>\n<\/div>\n\n\n<p>Ludwig Van Beethoven, Karl Friedrich Wilhelm Herrosee: Z\u00e4rtliche Liebe [Ich liebe dich], WoO123. Arleen Aug\u00e9r, Erik Werba [live Salzburg 11.V.78]<\/p>\n\n\n\n<div style=\"height:100px\" aria-hidden=\"true\" class=\"wp-block-spacer\"><\/div>\n\n\n<div class=\"wp-block-image\">\n<figure class=\"aligncenter size-full\"><img loading=\"lazy\" decoding=\"async\" width=\"578\" height=\"794\" src=\"https:\/\/countermelodypodcast.com\/wp-content\/uploads\/2025\/10\/Mattiwilda-Dobbs1.png\" alt=\"\" class=\"wp-image-19316\" srcset=\"https:\/\/countermelodypodcast.com\/wp-content\/uploads\/2025\/10\/Mattiwilda-Dobbs1.png 578w, https:\/\/countermelodypodcast.com\/wp-content\/uploads\/2025\/10\/Mattiwilda-Dobbs1-218x300.png 218w\" sizes=\"auto, (max-width: 578px) 100vw, 578px\" \/><\/figure>\n<\/div>\n\n\n<p>Samuel Barber, S\u00f8ren Kierkegaard, English text adapted by Robert Shaw: Lord Jesus Christ (from <em>Prayers of Kierkegaard<\/em>, Op. 30). Mattiwilda Dobbs, Gotthard Arn\u00e9r [1970]<\/p>\n\n\n\n<div style=\"height:100px\" aria-hidden=\"true\" class=\"wp-block-spacer\"><\/div>\n\n\n<div class=\"wp-block-image\">\n<figure class=\"aligncenter size-large\"><img loading=\"lazy\" decoding=\"async\" width=\"1024\" height=\"785\" src=\"https:\/\/countermelodypodcast.com\/wp-content\/uploads\/2025\/10\/Jill-Gomez-1024x785.png\" alt=\"\" class=\"wp-image-19317\" srcset=\"https:\/\/countermelodypodcast.com\/wp-content\/uploads\/2025\/10\/Jill-Gomez-1024x785.png 1024w, https:\/\/countermelodypodcast.com\/wp-content\/uploads\/2025\/10\/Jill-Gomez-300x230.png 300w, https:\/\/countermelodypodcast.com\/wp-content\/uploads\/2025\/10\/Jill-Gomez-768x589.png 768w, https:\/\/countermelodypodcast.com\/wp-content\/uploads\/2025\/10\/Jill-Gomez.png 1154w\" sizes=\"auto, (max-width: 1024px) 100vw, 1024px\" \/><\/figure>\n<\/div>\n\n\n<p>Georges Bizet, Jules Barbier: La Chanson de la rose, WD 103. Jill Gomez, John Constable [1974]<\/p>\n\n\n\n<div style=\"height:100px\" aria-hidden=\"true\" class=\"wp-block-spacer\"><\/div>\n\n\n<div class=\"wp-block-image\">\n<figure class=\"aligncenter size-full\"><img loading=\"lazy\" decoding=\"async\" width=\"446\" height=\"660\" src=\"https:\/\/countermelodypodcast.com\/wp-content\/uploads\/2025\/10\/Touraine.png\" alt=\"\" class=\"wp-image-19319\" srcset=\"https:\/\/countermelodypodcast.com\/wp-content\/uploads\/2025\/10\/Touraine.png 446w, https:\/\/countermelodypodcast.com\/wp-content\/uploads\/2025\/10\/Touraine-203x300.png 203w\" sizes=\"auto, (max-width: 446px) 100vw, 446px\" \/><\/figure>\n<\/div>\n\n\n<p>Francis Poulenc, Louise de Vilmorin: C\u2019est ainsi que tu es (<em>M\u00e9tamorphoses<\/em>, FP 121\/2). Genevi\u00e8ve Touraine, Jacqueline Bonneau [1955]<\/p>\n\n\n\n<div style=\"height:100px\" aria-hidden=\"true\" class=\"wp-block-spacer\"><\/div>\n\n\n<div class=\"wp-block-image\">\n<figure class=\"aligncenter size-full\"><img loading=\"lazy\" decoding=\"async\" width=\"607\" height=\"716\" src=\"https:\/\/countermelodypodcast.com\/wp-content\/uploads\/2025\/10\/Edith-Mathis.png\" alt=\"\" class=\"wp-image-19320\" srcset=\"https:\/\/countermelodypodcast.com\/wp-content\/uploads\/2025\/10\/Edith-Mathis.png 607w, https:\/\/countermelodypodcast.com\/wp-content\/uploads\/2025\/10\/Edith-Mathis-254x300.png 254w\" sizes=\"auto, (max-width: 607px) 100vw, 607px\" \/><\/figure>\n<\/div>\n\n\n<p>Traditional German, arr. Johannes Brahms: Da unten im Tale (<em>Deutsche Volkslieder<\/em>, WoO 33). Edith Mathis, Karl Engel [live Lucerne 03.Sept.75]<\/p>\n\n\n\n<div style=\"height:100px\" aria-hidden=\"true\" class=\"wp-block-spacer\"><\/div>\n\n\n\n<figure class=\"wp-block-image size-large\"><img loading=\"lazy\" decoding=\"async\" width=\"661\" height=\"1024\" src=\"https:\/\/countermelodypodcast.com\/wp-content\/uploads\/2025\/10\/Seefried-Skunk-661x1024.jpg\" alt=\"\" class=\"wp-image-19321\" srcset=\"https:\/\/countermelodypodcast.com\/wp-content\/uploads\/2025\/10\/Seefried-Skunk-661x1024.jpg 661w, https:\/\/countermelodypodcast.com\/wp-content\/uploads\/2025\/10\/Seefried-Skunk-194x300.jpg 194w, https:\/\/countermelodypodcast.com\/wp-content\/uploads\/2025\/10\/Seefried-Skunk-768x1190.jpg 768w, https:\/\/countermelodypodcast.com\/wp-content\/uploads\/2025\/10\/Seefried-Skunk-992x1536.jpg 992w, https:\/\/countermelodypodcast.com\/wp-content\/uploads\/2025\/10\/Seefried-Skunk.jpg 1322w\" sizes=\"auto, (max-width: 661px) 100vw, 661px\" \/><\/figure>\n\n\n\n<p>Gustav Mahler, folk text from Des Knaben Wunderhorn, collected and adapted by Achim von Arnim, Clemens Brentano: Rheinenlegendchen (<em>Des Knaben Wunderhorn<\/em>). Irmgard Seefried, Erik Werba [1970]<\/p>\n\n\n\n<div style=\"height:100px\" aria-hidden=\"true\" class=\"wp-block-spacer\"><\/div>\n\n\n<div class=\"wp-block-image\">\n<figure class=\"aligncenter size-full\"><img loading=\"lazy\" decoding=\"async\" width=\"552\" height=\"793\" src=\"https:\/\/countermelodypodcast.com\/wp-content\/uploads\/2025\/10\/Pilar-Lorengar.png\" alt=\"\" class=\"wp-image-19322\" srcset=\"https:\/\/countermelodypodcast.com\/wp-content\/uploads\/2025\/10\/Pilar-Lorengar.png 552w, https:\/\/countermelodypodcast.com\/wp-content\/uploads\/2025\/10\/Pilar-Lorengar-209x300.png 209w\" sizes=\"auto, (max-width: 552px) 100vw, 552px\" \/><\/figure>\n<\/div>\n\n\n<p>Enrique Granados, anonymous poet: Mira que soy ni\u00f1a, \u00a1amor, d\u00e9jame! (<em>Canciones amatorias<\/em>, No. 4). Pilar Lorengar, Alicia de Larrocha [1978]<\/p>\n\n\n\n<div style=\"height:100px\" aria-hidden=\"true\" class=\"wp-block-spacer\"><\/div>\n\n\n<div class=\"wp-block-image\">\n<figure class=\"aligncenter size-full\"><img loading=\"lazy\" decoding=\"async\" width=\"543\" height=\"759\" src=\"https:\/\/countermelodypodcast.com\/wp-content\/uploads\/2025\/10\/Taru-Valjakka.png\" alt=\"\" class=\"wp-image-19323\" srcset=\"https:\/\/countermelodypodcast.com\/wp-content\/uploads\/2025\/10\/Taru-Valjakka.png 543w, https:\/\/countermelodypodcast.com\/wp-content\/uploads\/2025\/10\/Taru-Valjakka-215x300.png 215w\" sizes=\"auto, (max-width: 543px) 100vw, 543px\" \/><\/figure>\n<\/div>\n\n\n<p>Jean Sibelius, Oscar Levertin: En sl\u00e4nda, Op. 17\/5. Taru Valjakka, Ralf Goth\u00f3ni [1973]<\/p>\n\n\n\n<div style=\"height:100px\" aria-hidden=\"true\" class=\"wp-block-spacer\"><\/div>\n\n\n<div class=\"wp-block-image\">\n<figure class=\"aligncenter size-full\"><img loading=\"lazy\" decoding=\"async\" width=\"814\" height=\"804\" src=\"https:\/\/countermelodypodcast.com\/wp-content\/uploads\/2025\/10\/Stratakis.png\" alt=\"\" class=\"wp-image-19324\" srcset=\"https:\/\/countermelodypodcast.com\/wp-content\/uploads\/2025\/10\/Stratakis.png 814w, https:\/\/countermelodypodcast.com\/wp-content\/uploads\/2025\/10\/Stratakis-300x296.png 300w, https:\/\/countermelodypodcast.com\/wp-content\/uploads\/2025\/10\/Stratakis-768x759.png 768w\" sizes=\"auto, (max-width: 814px) 100vw, 814px\" \/><\/figure>\n<\/div>\n\n\n<p>Jerome Kern, Oscar Hammerstein II: Make Believe (<em>Show Boat<\/em>). Teresa Stratas [unknown details, possibly Donald Voorhees, Bell Telephone Hour Orchestra, Bell Telephone Hour, first telecast 22.XI.1962]<\/p>\n\n\n\n<div style=\"height:100px\" aria-hidden=\"true\" class=\"wp-block-spacer\"><\/div>\n\n\n<div class=\"wp-block-image\">\n<figure class=\"aligncenter size-full\"><img loading=\"lazy\" decoding=\"async\" width=\"571\" height=\"725\" src=\"https:\/\/countermelodypodcast.com\/wp-content\/uploads\/2025\/10\/Martha-Flowers.png\" alt=\"\" class=\"wp-image-19325\" srcset=\"https:\/\/countermelodypodcast.com\/wp-content\/uploads\/2025\/10\/Martha-Flowers.png 571w, https:\/\/countermelodypodcast.com\/wp-content\/uploads\/2025\/10\/Martha-Flowers-236x300.png 236w\" sizes=\"auto, (max-width: 571px) 100vw, 571px\" \/><\/figure>\n<\/div>\n\n\n<p>Harold Arlen, Johnny Mercer: I Had Myself a True Love (<em>St. Louis Woman<\/em>). Martha Flowers, Don Shirley [1963]<\/p>\n\n\n\n<div style=\"height:100px\" aria-hidden=\"true\" class=\"wp-block-spacer\"><\/div>\n\n\n<div class=\"wp-block-image\">\n<figure class=\"aligncenter size-full\"><img loading=\"lazy\" decoding=\"async\" width=\"641\" height=\"1000\" src=\"https:\/\/countermelodypodcast.com\/wp-content\/uploads\/2025\/10\/Hilde-Gueden.jpg\" alt=\"\" class=\"wp-image-19326\" srcset=\"https:\/\/countermelodypodcast.com\/wp-content\/uploads\/2025\/10\/Hilde-Gueden.jpg 641w, https:\/\/countermelodypodcast.com\/wp-content\/uploads\/2025\/10\/Hilde-Gueden-192x300.jpg 192w\" sizes=\"auto, (max-width: 641px) 100vw, 641px\" \/><\/figure>\n<\/div>\n\n\n<p>Franz Leh\u00e1r, Paul Knepler, B\u00e9la Jenbach: Liebe, du Himmel auf Erden (<em>Paganini<\/em>). Hilde G\u00fcden, Hans May, Orchester der Wiener Staatsoper [1949]<\/p>\n\n\n\n<div style=\"height:100px\" aria-hidden=\"true\" class=\"wp-block-spacer\"><\/div>\n\n\n<div class=\"wp-block-image\">\n<figure class=\"aligncenter size-large\"><img loading=\"lazy\" decoding=\"async\" width=\"724\" height=\"1024\" src=\"https:\/\/countermelodypodcast.com\/wp-content\/uploads\/2025\/10\/Rigal-724x1024.png\" alt=\"\" class=\"wp-image-19327\" srcset=\"https:\/\/countermelodypodcast.com\/wp-content\/uploads\/2025\/10\/Rigal-724x1024.png 724w, https:\/\/countermelodypodcast.com\/wp-content\/uploads\/2025\/10\/Rigal-212x300.png 212w, https:\/\/countermelodypodcast.com\/wp-content\/uploads\/2025\/10\/Rigal.png 754w\" sizes=\"auto, (max-width: 724px) 100vw, 724px\" \/><\/figure>\n<\/div>\n\n\n<p>Ruggero Leoncavallo: Qual fiamma avea nel guardo&#8230; Stridono lass\u00f9 [Ballatella] (<em>Pagliacci<\/em>). Delia Rigal, Juan Emilio Martini, Orquesta Sinf\u00f3nica del Teatro Col\u00f3n [1952]<\/p>\n\n\n\n<div style=\"height:100px\" aria-hidden=\"true\" class=\"wp-block-spacer\"><\/div>\n\n\n<div class=\"wp-block-image\">\n<figure class=\"aligncenter size-large\"><img loading=\"lazy\" decoding=\"async\" width=\"741\" height=\"1024\" src=\"https:\/\/countermelodypodcast.com\/wp-content\/uploads\/2025\/10\/Faye-Robinson-741x1024.jpg\" alt=\"\" class=\"wp-image-19328\" srcset=\"https:\/\/countermelodypodcast.com\/wp-content\/uploads\/2025\/10\/Faye-Robinson-741x1024.jpg 741w, https:\/\/countermelodypodcast.com\/wp-content\/uploads\/2025\/10\/Faye-Robinson-217x300.jpg 217w, https:\/\/countermelodypodcast.com\/wp-content\/uploads\/2025\/10\/Faye-Robinson-768x1062.jpg 768w, https:\/\/countermelodypodcast.com\/wp-content\/uploads\/2025\/10\/Faye-Robinson-1111x1536.jpg 1111w, https:\/\/countermelodypodcast.com\/wp-content\/uploads\/2025\/10\/Faye-Robinson-1481x2048.jpg 1481w, https:\/\/countermelodypodcast.com\/wp-content\/uploads\/2025\/10\/Faye-Robinson.jpg 1561w\" sizes=\"auto, (max-width: 741px) 100vw, 741px\" \/><\/figure>\n<\/div>\n\n\n<p>Giacomo Meyerbeer, Eug\u00e8ne Scribe, Germain Delavigne: Robert, toi que j\u2019aime (<em>Robert le diable<\/em>). Faye Robinson, Kurt Eichhorn, Radio-Sinfonieorchester Stuttgart [live Schwetzinger Festspiele 31.V.84]<\/p>\n\n\n\n<div style=\"height:100px\" aria-hidden=\"true\" class=\"wp-block-spacer\"><\/div>\n\n\n\n<figure class=\"wp-block-gallery has-nested-images columns-default is-cropped wp-block-gallery-1 is-layout-flex wp-block-gallery-is-layout-flex\">\n<figure class=\"wp-block-image size-large\"><img loading=\"lazy\" decoding=\"async\" width=\"582\" height=\"800\" data-id=\"19329\" src=\"https:\/\/countermelodypodcast.com\/wp-content\/uploads\/2025\/10\/Esposito-Fledermaus.jpg\" alt=\"\" class=\"wp-image-19329\" srcset=\"https:\/\/countermelodypodcast.com\/wp-content\/uploads\/2025\/10\/Esposito-Fledermaus.jpg 582w, https:\/\/countermelodypodcast.com\/wp-content\/uploads\/2025\/10\/Esposito-Fledermaus-218x300.jpg 218w\" sizes=\"auto, (max-width: 582px) 100vw, 582px\" \/><\/figure>\n\n\n\n<figure class=\"wp-block-image size-large\"><img loading=\"lazy\" decoding=\"async\" width=\"558\" height=\"813\" data-id=\"19330\" src=\"https:\/\/countermelodypodcast.com\/wp-content\/uploads\/2025\/10\/Jacques-Mars.png\" alt=\"\" class=\"wp-image-19330\" srcset=\"https:\/\/countermelodypodcast.com\/wp-content\/uploads\/2025\/10\/Jacques-Mars.png 558w, https:\/\/countermelodypodcast.com\/wp-content\/uploads\/2025\/10\/Jacques-Mars-206x300.png 206w\" sizes=\"auto, (max-width: 558px) 100vw, 558px\" \/><\/figure>\n<\/figure>\n\n\n\n<p>Jacques Ibert, Nino [n\u00e9 Michel Jean Verber] [after Jules Laforgue]: Ah! Ce n\u2019\u00e9tait qu\u2019un r\u00eave&#8230; Si tu voulais au moins me transporter (Pers\u00e9e et Androm\u00e8de). Andr\u00e9e Esposito, Jacques Mars, Eug\u00e8ne Bigot, Orchestre Philharmonique de l\u2019O.R.T.F. [live Radio France 28.V.63]<\/p>\n\n\n\n<div style=\"height:100px\" aria-hidden=\"true\" class=\"wp-block-spacer\"><\/div>\n\n\n\n<figure class=\"wp-block-gallery has-nested-images columns-default is-cropped wp-block-gallery-2 is-layout-flex wp-block-gallery-is-layout-flex\">\n<figure class=\"wp-block-image size-large\"><img loading=\"lazy\" decoding=\"async\" width=\"492\" height=\"826\" data-id=\"19331\" src=\"https:\/\/countermelodypodcast.com\/wp-content\/uploads\/2025\/10\/Ahlersmeyer.png\" alt=\"\" class=\"wp-image-19331\" srcset=\"https:\/\/countermelodypodcast.com\/wp-content\/uploads\/2025\/10\/Ahlersmeyer.png 492w, https:\/\/countermelodypodcast.com\/wp-content\/uploads\/2025\/10\/Ahlersmeyer-179x300.png 179w\" sizes=\"auto, (max-width: 492px) 100vw, 492px\" \/><\/figure>\n\n\n\n<figure class=\"wp-block-image size-large\"><img loading=\"lazy\" decoding=\"async\" width=\"636\" height=\"1020\" data-id=\"19332\" src=\"https:\/\/countermelodypodcast.com\/wp-content\/uploads\/2025\/10\/MTeschemacher.png\" alt=\"\" class=\"wp-image-19332\"\/><\/figure>\n<\/figure>\n\n\n\n<p>Richard Strauss, Hugo von Hofmannsthal: Das war sehr gut, Mandryka (<em>Arabella<\/em>). Margarete Teschemacher, Mathieu Ahlersmeyer, Karl B\u00f6hm, Staatskapelle Dresden [1943]<\/p>\n\n\n\n<div style=\"height:100px\" aria-hidden=\"true\" class=\"wp-block-spacer\"><\/div>\n\n\n<div class=\"wp-block-image\">\n<figure class=\"aligncenter size-full\"><img loading=\"lazy\" decoding=\"async\" width=\"555\" height=\"870\" src=\"https:\/\/countermelodypodcast.com\/wp-content\/uploads\/2025\/10\/Muszely.png\" alt=\"\" class=\"wp-image-19333\" srcset=\"https:\/\/countermelodypodcast.com\/wp-content\/uploads\/2025\/10\/Muszely.png 555w, https:\/\/countermelodypodcast.com\/wp-content\/uploads\/2025\/10\/Muszely-191x300.png 191w\" sizes=\"auto, (max-width: 555px) 100vw, 555px\" \/><\/figure>\n<\/div>\n\n\n<p>Robert Stolz, Paul Knepler, Ignaz Michael Welleminsky, Robert Gilbert [after Walter Reisch, Franz Schulz]: Es war sehr sch\u00f6n, man hat geweint, man hat gelacht! (<em>Zwei Herzen in Dreivierteltakt<\/em>). Melitta Muszely, Robert Stolz, Orchester der Wiener Volksoper [1965]<\/p>\n\n\n\n<div style=\"height:100px\" aria-hidden=\"true\" class=\"wp-block-spacer\"><\/div>\n\n\n<div class=\"wp-block-image\">\n<figure class=\"aligncenter size-full\"><img loading=\"lazy\" decoding=\"async\" width=\"580\" height=\"784\" src=\"https:\/\/countermelodypodcast.com\/wp-content\/uploads\/2025\/10\/Elizabeth-Harwood.png\" alt=\"\" class=\"wp-image-19334\" srcset=\"https:\/\/countermelodypodcast.com\/wp-content\/uploads\/2025\/10\/Elizabeth-Harwood.png 580w, https:\/\/countermelodypodcast.com\/wp-content\/uploads\/2025\/10\/Elizabeth-Harwood-222x300.png 222w\" sizes=\"auto, (max-width: 580px) 100vw, 580px\" \/><\/figure>\n<\/div>\n\n\n<p>Frank Bridge, Matthew Arnold: Come to Me in My Dreams. Elizabeth Harwood, John Constable [1984]<\/p>\n\n\n\n<div style=\"height:100px\" aria-hidden=\"true\" class=\"wp-block-spacer\"><\/div>\n\n\n<div class=\"wp-block-image\">\n<figure class=\"aligncenter size-full is-resized\"><img loading=\"lazy\" decoding=\"async\" width=\"527\" height=\"528\" src=\"https:\/\/countermelodypodcast.com\/wp-content\/uploads\/2025\/10\/Colette-Herzog.png\" alt=\"\" class=\"wp-image-19335\" style=\"width:605px;height:auto\" srcset=\"https:\/\/countermelodypodcast.com\/wp-content\/uploads\/2025\/10\/Colette-Herzog.png 527w, https:\/\/countermelodypodcast.com\/wp-content\/uploads\/2025\/10\/Colette-Herzog-300x300.png 300w, https:\/\/countermelodypodcast.com\/wp-content\/uploads\/2025\/10\/Colette-Herzog-150x150.png 150w\" sizes=\"auto, (max-width: 527px) 100vw, 527px\" \/><\/figure>\n<\/div>\n\n\n<p>Francis Poulenc, Maurice Car\u00eame: Lune d\u2019avril (<em>La Courte Paille<\/em>, FP 178\/7).&nbsp; Colette Herzog, Jacques F\u00e9vrier [1963]<\/p>\n","protected":false},"excerpt":{"rendered":"<p>Episode 406. Dan\u2019s Belated Birthday Gals (Soprano Edition) SOCIAL SHARE SUBSCRIPTION PLATFORM The last of my festive potpourri episodes for&hellip;<\/p>\n","protected":false},"author":1,"featured_media":19318,"comment_status":"open","ping_status":"open","sticky":false,"template":"","format":"standard","meta":{"advgb_blocks_editor_width":"","advgb_blocks_columns_visual_guide":"","footnotes":""},"categories":[420,1626,1075,1701,7296,7295,2109,2397,5823,3273,2261,2399,1072,8033,5806,6486,2260,808,1470,4722,2755,2257,425,3272,5661,2806,4980,427],"tags":[2315,8380,8373,1720,8366,4260,1639,7162,8363,8381,2316,4716,4543,1646,1108,2623,2230,2424,1449,1165,8367,8362,2340,4548,8386,544,5287,8370,1448,8393,534,350,7862,1416,8385,117,8375,2906,8378,1297,2002,1531,324,3760,8392,1160,28,7969,8229,8389,104,1389,2725,8364,8372,298,863,1792,2638,1971,4544,525,1169,4020,7383,1021,4660,8376,4553,3013,8395,8365,898,328,2651,3329,1008,2259,8390,8391,1753,4572,5095,8368,8379,8369,8387,927,8382,7150,704,8371,3388,8388,3324,5001,105,329,1522,1735,567,1453,8374,70,745,2138,8377,8384,8383,1360,6817,8394],"class_list":["post-19307","post","type-post","status-publish","format-standard","has-post-thumbnail","hentry","category-african-american-opera-singers","category-african-american-singers","category-art-song","category-bel-canto","category-black-history-month","category-black-history-month-2025","category-broadway-and-musicals","category-finnish-opera","category-forgotten-divas","category-french-opera","category-full-figured-baroque","category-great-baritones","category-in-memoriam","category-johann-sebastian-bach","category-listeners-favorites","category-melodie","category-music-for-a-world-in-crisis","category-needle-drop","category-operetta","category-orchestral-songs","category-pop-icons","category-richard-strauss","category-ruggero-leoncavallo","category-singers-of-color","category-the-haunted-opera-house","category-twentieth-century-music","category-twentieth-century-opera","category-verismo","tag-achim-von-arnim","tag-alicia-de-larrocha","tag-andre-emelianoff","tag-andree-esposito","tag-annie-fullard","tag-arabella","tag-arleen-auger","tag-bela-jenbach","tag-benita-valente","tag-canciones-amatorias","tag-clemens-brentano","tag-colette-herzog","tag-delia-rigal","tag-des-knaben-wunderhorn","tag-don-shirley","tag-donald-voorhees","tag-edith-mathis","tag-elizabeth-harwood","tag-enrique-granados","tag-erik-werba","tag-erika-eckert","tag-erika-koth","tag-eugene-bigot","tag-eugene-scribe","tag-faye-robinson","tag-francis-poulenc","tag-frank-bridge","tag-frank-dempster-sherman","tag-franz-lehar","tag-franz-schulz","tag-genevieve-touraine","tag-georges-bizet","tag-georges-jean-aubry","tag-gerald-moore","tag-germain-delavigne","tag-giacomo-meyerbeer","tag-gordon-gottlieb","tag-gottfried-heinrich-stolzel","tag-gotthard-arner","tag-gustav-mahler","tag-hans-may","tag-harold-arlen","tag-hilde-guden","tag-hugo-von-hofmannsthal","tag-ignaz-michael-welleminsky","tag-irmgard-seefried","tag-bonneau","tag-jacques-fevrier","tag-jacques-ibert","tag-jacques-mars","tag-jean-sibelius","tag-jerome-kern","tag-jill-gomez","tag-joanna-bassett","tag-joel-lester","tag-johann-sebastian-bach","tag-johannes-brahms","tag-john-constable","tag-john-demain","tag-johnny-mercer","tag-juan-emilio-martini","tag-judith-blegen","tag-judith-raskin","tag-jules-barbier","tag-jules-laforgue","tag-karl-bohm","tag-karl-engel","tag-karl-friedrich-wilhelm-herrosee","tag-klaus-groth","tag-kurt-eichhorn","tag-la-courte-paille","tag-laura-zaerr","tag-louise-de-vilmorin","tag-ludwig-van-beethoven","tag-manuel-de-falla","tag-margarete-teschemacher","tag-martha-flowers","tag-martin-katz","tag-mathieu-ahlersmeyer","tag-matthew-arnold","tag-mattiwilda-dobbs","tag-maurice-careme","tag-melitta-muszely","tag-merry-peckham","tag-metamorphoses","tag-miriam-gideon","tag-nino-ne-michel-jean-verber","tag-oscar-hammerstein-ii","tag-oscar-levertin","tag-paganini","tag-pagliacci","tag-patricia-spencer","tag-paul-knepler","tag-persee-et-andromede","tag-pilar-lorengar","tag-prayers-of-kierkegaard","tag-ralf-gothoni","tag-richard-strauss","tag-robert-gilbert","tag-robert-le-diable","tag-robert-shaw","tag-robert-stolz","tag-ronald-roseman","tag-ruggero-leoncavallo","tag-samuel-barber","tag-show-boat","tag-soren-kierkegaard","tag-st-louis-woman","tag-taru-valjakka","tag-teresa-stratas","tag-walter-reisch","tag-zwei-herzen-im-dreivierteltakt"],"author_meta":{"display_name":"admin","author_link":"https:\/\/countermelodypodcast.com\/index.php\/author\/admin\/"},"featured_img":"https:\/\/countermelodypodcast.com\/wp-content\/uploads\/2025\/10\/Gomez-Skyward-TRIMMED-300x179.png","coauthors":[],"tax_additional":{"categories":{"linked":["<a href=\"https:\/\/countermelodypodcast.com\/index.php\/category\/african-american-opera-singers\/\" class=\"advgb-post-tax-term\">African American Opera Singers<\/a>","<a href=\"https:\/\/countermelodypodcast.com\/index.php\/category\/african-american-singers\/\" class=\"advgb-post-tax-term\">African American Singers<\/a>","<a href=\"https:\/\/countermelodypodcast.com\/index.php\/category\/art-song\/\" class=\"advgb-post-tax-term\">Art Song<\/a>","<a href=\"https:\/\/countermelodypodcast.com\/index.php\/category\/bel-canto\/\" class=\"advgb-post-tax-term\">Bel Canto<\/a>","<a href=\"https:\/\/countermelodypodcast.com\/index.php\/category\/black-history-month\/\" class=\"advgb-post-tax-term\">Black History Month<\/a>","<a href=\"https:\/\/countermelodypodcast.com\/index.php\/category\/black-history-month-2025\/\" class=\"advgb-post-tax-term\">Black History Month 2025<\/a>","<a href=\"https:\/\/countermelodypodcast.com\/index.php\/category\/broadway-and-musicals\/\" class=\"advgb-post-tax-term\">Broadway and Musicals<\/a>","<a href=\"https:\/\/countermelodypodcast.com\/index.php\/category\/finnish-opera\/\" class=\"advgb-post-tax-term\">Finnish Opera<\/a>","<a href=\"https:\/\/countermelodypodcast.com\/index.php\/category\/forgotten-divas\/\" class=\"advgb-post-tax-term\">Forgotten Divas<\/a>","<a href=\"https:\/\/countermelodypodcast.com\/index.php\/category\/french-opera\/\" class=\"advgb-post-tax-term\">French Opera<\/a>","<a href=\"https:\/\/countermelodypodcast.com\/index.php\/category\/full-figured-baroque\/\" class=\"advgb-post-tax-term\">Full-Figured Baroque<\/a>","<a href=\"https:\/\/countermelodypodcast.com\/index.php\/category\/great-baritones\/\" class=\"advgb-post-tax-term\">Great Baritones<\/a>","<a href=\"https:\/\/countermelodypodcast.com\/index.php\/category\/in-memoriam\/\" class=\"advgb-post-tax-term\">In Memoriam<\/a>","<a href=\"https:\/\/countermelodypodcast.com\/index.php\/category\/johann-sebastian-bach\/\" class=\"advgb-post-tax-term\">Johann Sebastian Bach<\/a>","<a href=\"https:\/\/countermelodypodcast.com\/index.php\/category\/listeners-favorites\/\" class=\"advgb-post-tax-term\">Listeners&#039; Favorites<\/a>","<a href=\"https:\/\/countermelodypodcast.com\/index.php\/category\/melodie\/\" class=\"advgb-post-tax-term\">M\u00e9lodie<\/a>","<a href=\"https:\/\/countermelodypodcast.com\/index.php\/category\/music-for-a-world-in-crisis\/\" class=\"advgb-post-tax-term\">Music for a World in Crisis<\/a>","<a href=\"https:\/\/countermelodypodcast.com\/index.php\/category\/needle-drop\/\" class=\"advgb-post-tax-term\">Needle Drop<\/a>","<a href=\"https:\/\/countermelodypodcast.com\/index.php\/category\/operetta\/\" class=\"advgb-post-tax-term\">Operetta<\/a>","<a href=\"https:\/\/countermelodypodcast.com\/index.php\/category\/orchestral-songs\/\" class=\"advgb-post-tax-term\">Orchestral Songs<\/a>","<a href=\"https:\/\/countermelodypodcast.com\/index.php\/category\/pop-icons\/\" class=\"advgb-post-tax-term\">Pop Icons<\/a>","<a href=\"https:\/\/countermelodypodcast.com\/index.php\/category\/richard-strauss\/\" class=\"advgb-post-tax-term\">Richard Strauss<\/a>","<a href=\"https:\/\/countermelodypodcast.com\/index.php\/category\/ruggero-leoncavallo\/\" class=\"advgb-post-tax-term\">Ruggero Leoncavallo<\/a>","<a href=\"https:\/\/countermelodypodcast.com\/index.php\/category\/singers-of-color\/\" class=\"advgb-post-tax-term\">Singers of Color<\/a>","<a href=\"https:\/\/countermelodypodcast.com\/index.php\/category\/the-haunted-opera-house\/\" class=\"advgb-post-tax-term\">The Haunted Opera House<\/a>","<a href=\"https:\/\/countermelodypodcast.com\/index.php\/category\/twentieth-century-music\/\" class=\"advgb-post-tax-term\">Twentieth Century Music<\/a>","<a href=\"https:\/\/countermelodypodcast.com\/index.php\/category\/twentieth-century-opera\/\" class=\"advgb-post-tax-term\">Twentieth Century Opera<\/a>","<a href=\"https:\/\/countermelodypodcast.com\/index.php\/category\/verismo\/\" class=\"advgb-post-tax-term\">Verismo<\/a>"],"unlinked":["<span class=\"advgb-post-tax-term\">African American Opera Singers<\/span>","<span class=\"advgb-post-tax-term\">African American Singers<\/span>","<span class=\"advgb-post-tax-term\">Art Song<\/span>","<span class=\"advgb-post-tax-term\">Bel Canto<\/span>","<span class=\"advgb-post-tax-term\">Black History Month<\/span>","<span class=\"advgb-post-tax-term\">Black History Month 2025<\/span>","<span class=\"advgb-post-tax-term\">Broadway and Musicals<\/span>","<span class=\"advgb-post-tax-term\">Finnish Opera<\/span>","<span class=\"advgb-post-tax-term\">Forgotten Divas<\/span>","<span class=\"advgb-post-tax-term\">French Opera<\/span>","<span class=\"advgb-post-tax-term\">Full-Figured Baroque<\/span>","<span class=\"advgb-post-tax-term\">Great Baritones<\/span>","<span class=\"advgb-post-tax-term\">In Memoriam<\/span>","<span class=\"advgb-post-tax-term\">Johann Sebastian Bach<\/span>","<span class=\"advgb-post-tax-term\">Listeners&#039; Favorites<\/span>","<span class=\"advgb-post-tax-term\">M\u00e9lodie<\/span>","<span class=\"advgb-post-tax-term\">Music for a World in Crisis<\/span>","<span class=\"advgb-post-tax-term\">Needle Drop<\/span>","<span class=\"advgb-post-tax-term\">Operetta<\/span>","<span class=\"advgb-post-tax-term\">Orchestral Songs<\/span>","<span class=\"advgb-post-tax-term\">Pop Icons<\/span>","<span class=\"advgb-post-tax-term\">Richard Strauss<\/span>","<span class=\"advgb-post-tax-term\">Ruggero Leoncavallo<\/span>","<span class=\"advgb-post-tax-term\">Singers of Color<\/span>","<span class=\"advgb-post-tax-term\">The Haunted Opera House<\/span>","<span class=\"advgb-post-tax-term\">Twentieth Century Music<\/span>","<span class=\"advgb-post-tax-term\">Twentieth Century Opera<\/span>","<span class=\"advgb-post-tax-term\">Verismo<\/span>"]},"tags":{"linked":["<a href=\"https:\/\/countermelodypodcast.com\/index.php\/category\/verismo\/\" class=\"advgb-post-tax-term\">Achim von Arnim<\/a>","<a href=\"https:\/\/countermelodypodcast.com\/index.php\/category\/verismo\/\" class=\"advgb-post-tax-term\">Alicia de Larrocha<\/a>","<a href=\"https:\/\/countermelodypodcast.com\/index.php\/category\/verismo\/\" class=\"advgb-post-tax-term\">Andre Emelianoff<\/a>","<a href=\"https:\/\/countermelodypodcast.com\/index.php\/category\/verismo\/\" class=\"advgb-post-tax-term\">Andr\u00e9e Esposito<\/a>","<a href=\"https:\/\/countermelodypodcast.com\/index.php\/category\/verismo\/\" class=\"advgb-post-tax-term\">Annie Fullard<\/a>","<a href=\"https:\/\/countermelodypodcast.com\/index.php\/category\/verismo\/\" class=\"advgb-post-tax-term\">Arabella<\/a>","<a href=\"https:\/\/countermelodypodcast.com\/index.php\/category\/verismo\/\" class=\"advgb-post-tax-term\">Arleen Aug\u00e9r<\/a>","<a href=\"https:\/\/countermelodypodcast.com\/index.php\/category\/verismo\/\" class=\"advgb-post-tax-term\">Bela Jenbach<\/a>","<a href=\"https:\/\/countermelodypodcast.com\/index.php\/category\/verismo\/\" class=\"advgb-post-tax-term\">Benita Valente<\/a>","<a href=\"https:\/\/countermelodypodcast.com\/index.php\/category\/verismo\/\" class=\"advgb-post-tax-term\">Canciones amatorias<\/a>","<a href=\"https:\/\/countermelodypodcast.com\/index.php\/category\/verismo\/\" class=\"advgb-post-tax-term\">Clemens Brentano<\/a>","<a href=\"https:\/\/countermelodypodcast.com\/index.php\/category\/verismo\/\" class=\"advgb-post-tax-term\">Colette Herzog<\/a>","<a href=\"https:\/\/countermelodypodcast.com\/index.php\/category\/verismo\/\" class=\"advgb-post-tax-term\">Delia Rigal<\/a>","<a href=\"https:\/\/countermelodypodcast.com\/index.php\/category\/verismo\/\" class=\"advgb-post-tax-term\">Des Knaben Wunderhorn<\/a>","<a href=\"https:\/\/countermelodypodcast.com\/index.php\/category\/verismo\/\" class=\"advgb-post-tax-term\">Don Shirley<\/a>","<a href=\"https:\/\/countermelodypodcast.com\/index.php\/category\/verismo\/\" class=\"advgb-post-tax-term\">Donald Voorhees<\/a>","<a href=\"https:\/\/countermelodypodcast.com\/index.php\/category\/verismo\/\" class=\"advgb-post-tax-term\">Edith Mathis<\/a>","<a href=\"https:\/\/countermelodypodcast.com\/index.php\/category\/verismo\/\" class=\"advgb-post-tax-term\">Elizabeth Harwood<\/a>","<a href=\"https:\/\/countermelodypodcast.com\/index.php\/category\/verismo\/\" class=\"advgb-post-tax-term\">Enrique Granados<\/a>","<a href=\"https:\/\/countermelodypodcast.com\/index.php\/category\/verismo\/\" class=\"advgb-post-tax-term\">Erik Werba<\/a>","<a href=\"https:\/\/countermelodypodcast.com\/index.php\/category\/verismo\/\" class=\"advgb-post-tax-term\">Erika Eckert<\/a>","<a href=\"https:\/\/countermelodypodcast.com\/index.php\/category\/verismo\/\" class=\"advgb-post-tax-term\">Erika K\u00f6th<\/a>","<a href=\"https:\/\/countermelodypodcast.com\/index.php\/category\/verismo\/\" class=\"advgb-post-tax-term\">Eug\u00e8ne Bigot<\/a>","<a href=\"https:\/\/countermelodypodcast.com\/index.php\/category\/verismo\/\" class=\"advgb-post-tax-term\">Eug\u00e8ne Scribe<\/a>","<a href=\"https:\/\/countermelodypodcast.com\/index.php\/category\/verismo\/\" class=\"advgb-post-tax-term\">Faye Robinson<\/a>","<a href=\"https:\/\/countermelodypodcast.com\/index.php\/category\/verismo\/\" class=\"advgb-post-tax-term\">Francis Poulenc<\/a>","<a href=\"https:\/\/countermelodypodcast.com\/index.php\/category\/verismo\/\" class=\"advgb-post-tax-term\">Frank Bridge<\/a>","<a href=\"https:\/\/countermelodypodcast.com\/index.php\/category\/verismo\/\" class=\"advgb-post-tax-term\">Frank Dempster Sherman<\/a>","<a href=\"https:\/\/countermelodypodcast.com\/index.php\/category\/verismo\/\" class=\"advgb-post-tax-term\">Franz Leh\u00e1r<\/a>","<a href=\"https:\/\/countermelodypodcast.com\/index.php\/category\/verismo\/\" class=\"advgb-post-tax-term\">Franz Schulz<\/a>","<a href=\"https:\/\/countermelodypodcast.com\/index.php\/category\/verismo\/\" class=\"advgb-post-tax-term\">Genevieve Touraine<\/a>","<a href=\"https:\/\/countermelodypodcast.com\/index.php\/category\/verismo\/\" class=\"advgb-post-tax-term\">Georges Bizet<\/a>","<a href=\"https:\/\/countermelodypodcast.com\/index.php\/category\/verismo\/\" class=\"advgb-post-tax-term\">Georges Jean-Aubry<\/a>","<a href=\"https:\/\/countermelodypodcast.com\/index.php\/category\/verismo\/\" class=\"advgb-post-tax-term\">Gerald Moore<\/a>","<a href=\"https:\/\/countermelodypodcast.com\/index.php\/category\/verismo\/\" class=\"advgb-post-tax-term\">Germain Delavigne<\/a>","<a href=\"https:\/\/countermelodypodcast.com\/index.php\/category\/verismo\/\" class=\"advgb-post-tax-term\">Giacomo Meyerbeer<\/a>","<a href=\"https:\/\/countermelodypodcast.com\/index.php\/category\/verismo\/\" class=\"advgb-post-tax-term\">Gordon Gottlieb<\/a>","<a href=\"https:\/\/countermelodypodcast.com\/index.php\/category\/verismo\/\" class=\"advgb-post-tax-term\">Gottfried Heinrich St\u00f6lzel<\/a>","<a href=\"https:\/\/countermelodypodcast.com\/index.php\/category\/verismo\/\" class=\"advgb-post-tax-term\">Gotthard Arn\u00e9r<\/a>","<a href=\"https:\/\/countermelodypodcast.com\/index.php\/category\/verismo\/\" class=\"advgb-post-tax-term\">Gustav Mahler<\/a>","<a href=\"https:\/\/countermelodypodcast.com\/index.php\/category\/verismo\/\" class=\"advgb-post-tax-term\">Hans May<\/a>","<a href=\"https:\/\/countermelodypodcast.com\/index.php\/category\/verismo\/\" class=\"advgb-post-tax-term\">Harold Arlen<\/a>","<a href=\"https:\/\/countermelodypodcast.com\/index.php\/category\/verismo\/\" class=\"advgb-post-tax-term\">Hilde G\u00fcden<\/a>","<a href=\"https:\/\/countermelodypodcast.com\/index.php\/category\/verismo\/\" class=\"advgb-post-tax-term\">Hugo von Hofmannsthal<\/a>","<a href=\"https:\/\/countermelodypodcast.com\/index.php\/category\/verismo\/\" class=\"advgb-post-tax-term\">Ignaz Michael Welleminsky<\/a>","<a href=\"https:\/\/countermelodypodcast.com\/index.php\/category\/verismo\/\" class=\"advgb-post-tax-term\">Irmgard Seefried<\/a>","<a href=\"https:\/\/countermelodypodcast.com\/index.php\/category\/verismo\/\" class=\"advgb-post-tax-term\">Jacqueline Bonneau<\/a>","<a href=\"https:\/\/countermelodypodcast.com\/index.php\/category\/verismo\/\" class=\"advgb-post-tax-term\">Jacques F\u00e9vrier<\/a>","<a href=\"https:\/\/countermelodypodcast.com\/index.php\/category\/verismo\/\" class=\"advgb-post-tax-term\">Jacques Ibert<\/a>","<a href=\"https:\/\/countermelodypodcast.com\/index.php\/category\/verismo\/\" class=\"advgb-post-tax-term\">Jacques Mars<\/a>","<a href=\"https:\/\/countermelodypodcast.com\/index.php\/category\/verismo\/\" class=\"advgb-post-tax-term\">Jean Sibelius<\/a>","<a href=\"https:\/\/countermelodypodcast.com\/index.php\/category\/verismo\/\" class=\"advgb-post-tax-term\">Jerome Kern<\/a>","<a href=\"https:\/\/countermelodypodcast.com\/index.php\/category\/verismo\/\" class=\"advgb-post-tax-term\">Jill Gomez<\/a>","<a href=\"https:\/\/countermelodypodcast.com\/index.php\/category\/verismo\/\" class=\"advgb-post-tax-term\">Joanna Bassett<\/a>","<a href=\"https:\/\/countermelodypodcast.com\/index.php\/category\/verismo\/\" class=\"advgb-post-tax-term\">Joel Lester<\/a>","<a href=\"https:\/\/countermelodypodcast.com\/index.php\/category\/verismo\/\" class=\"advgb-post-tax-term\">Johann Sebastian Bach<\/a>","<a href=\"https:\/\/countermelodypodcast.com\/index.php\/category\/verismo\/\" class=\"advgb-post-tax-term\">Johannes Brahms<\/a>","<a href=\"https:\/\/countermelodypodcast.com\/index.php\/category\/verismo\/\" class=\"advgb-post-tax-term\">John Constable<\/a>","<a href=\"https:\/\/countermelodypodcast.com\/index.php\/category\/verismo\/\" class=\"advgb-post-tax-term\">John DeMain<\/a>","<a href=\"https:\/\/countermelodypodcast.com\/index.php\/category\/verismo\/\" class=\"advgb-post-tax-term\">Johnny Mercer<\/a>","<a href=\"https:\/\/countermelodypodcast.com\/index.php\/category\/verismo\/\" class=\"advgb-post-tax-term\">Juan Emilio Martini<\/a>","<a href=\"https:\/\/countermelodypodcast.com\/index.php\/category\/verismo\/\" class=\"advgb-post-tax-term\">Judith Blegen<\/a>","<a href=\"https:\/\/countermelodypodcast.com\/index.php\/category\/verismo\/\" class=\"advgb-post-tax-term\">Judith Raskin<\/a>","<a href=\"https:\/\/countermelodypodcast.com\/index.php\/category\/verismo\/\" class=\"advgb-post-tax-term\">Jules Barbier<\/a>","<a href=\"https:\/\/countermelodypodcast.com\/index.php\/category\/verismo\/\" class=\"advgb-post-tax-term\">Jules Laforgue<\/a>","<a href=\"https:\/\/countermelodypodcast.com\/index.php\/category\/verismo\/\" class=\"advgb-post-tax-term\">Karl B\u00f6hm<\/a>","<a href=\"https:\/\/countermelodypodcast.com\/index.php\/category\/verismo\/\" class=\"advgb-post-tax-term\">Karl Engel<\/a>","<a href=\"https:\/\/countermelodypodcast.com\/index.php\/category\/verismo\/\" class=\"advgb-post-tax-term\">Karl Friedrich Wilhelm Herrosee<\/a>","<a href=\"https:\/\/countermelodypodcast.com\/index.php\/category\/verismo\/\" class=\"advgb-post-tax-term\">Klaus Groth<\/a>","<a href=\"https:\/\/countermelodypodcast.com\/index.php\/category\/verismo\/\" class=\"advgb-post-tax-term\">Kurt Eichhorn<\/a>","<a href=\"https:\/\/countermelodypodcast.com\/index.php\/category\/verismo\/\" class=\"advgb-post-tax-term\">La Courte Paille<\/a>","<a href=\"https:\/\/countermelodypodcast.com\/index.php\/category\/verismo\/\" class=\"advgb-post-tax-term\">Laura Zaerr<\/a>","<a href=\"https:\/\/countermelodypodcast.com\/index.php\/category\/verismo\/\" class=\"advgb-post-tax-term\">Louise de Vilmorin<\/a>","<a href=\"https:\/\/countermelodypodcast.com\/index.php\/category\/verismo\/\" class=\"advgb-post-tax-term\">Ludwig van Beethoven<\/a>","<a href=\"https:\/\/countermelodypodcast.com\/index.php\/category\/verismo\/\" class=\"advgb-post-tax-term\">Manuel de Falla<\/a>","<a href=\"https:\/\/countermelodypodcast.com\/index.php\/category\/verismo\/\" class=\"advgb-post-tax-term\">Margarete Teschemacher<\/a>","<a href=\"https:\/\/countermelodypodcast.com\/index.php\/category\/verismo\/\" class=\"advgb-post-tax-term\">Martha Flowers<\/a>","<a href=\"https:\/\/countermelodypodcast.com\/index.php\/category\/verismo\/\" class=\"advgb-post-tax-term\">Martin Katz<\/a>","<a href=\"https:\/\/countermelodypodcast.com\/index.php\/category\/verismo\/\" class=\"advgb-post-tax-term\">Mathieu Ahlersmeyer<\/a>","<a href=\"https:\/\/countermelodypodcast.com\/index.php\/category\/verismo\/\" class=\"advgb-post-tax-term\">Matthew Arnold<\/a>","<a href=\"https:\/\/countermelodypodcast.com\/index.php\/category\/verismo\/\" class=\"advgb-post-tax-term\">Mattiwilda Dobbs<\/a>","<a href=\"https:\/\/countermelodypodcast.com\/index.php\/category\/verismo\/\" class=\"advgb-post-tax-term\">Maurice Car\u00eame<\/a>","<a href=\"https:\/\/countermelodypodcast.com\/index.php\/category\/verismo\/\" class=\"advgb-post-tax-term\">Melitta Muszely<\/a>","<a href=\"https:\/\/countermelodypodcast.com\/index.php\/category\/verismo\/\" class=\"advgb-post-tax-term\">Merry Peckham<\/a>","<a href=\"https:\/\/countermelodypodcast.com\/index.php\/category\/verismo\/\" class=\"advgb-post-tax-term\">M\u00e9tamorphoses<\/a>","<a href=\"https:\/\/countermelodypodcast.com\/index.php\/category\/verismo\/\" class=\"advgb-post-tax-term\">Miriam Gideon<\/a>","<a href=\"https:\/\/countermelodypodcast.com\/index.php\/category\/verismo\/\" class=\"advgb-post-tax-term\">Nino [n\u00e9 Michel Jean Verber]<\/a>","<a href=\"https:\/\/countermelodypodcast.com\/index.php\/category\/verismo\/\" class=\"advgb-post-tax-term\">Oscar Hammerstein II<\/a>","<a href=\"https:\/\/countermelodypodcast.com\/index.php\/category\/verismo\/\" class=\"advgb-post-tax-term\">Oscar Levertin<\/a>","<a href=\"https:\/\/countermelodypodcast.com\/index.php\/category\/verismo\/\" class=\"advgb-post-tax-term\">Paganini<\/a>","<a href=\"https:\/\/countermelodypodcast.com\/index.php\/category\/verismo\/\" class=\"advgb-post-tax-term\">Pagliacci<\/a>","<a href=\"https:\/\/countermelodypodcast.com\/index.php\/category\/verismo\/\" class=\"advgb-post-tax-term\">Patricia Spencer<\/a>","<a href=\"https:\/\/countermelodypodcast.com\/index.php\/category\/verismo\/\" class=\"advgb-post-tax-term\">Paul Knepler<\/a>","<a href=\"https:\/\/countermelodypodcast.com\/index.php\/category\/verismo\/\" class=\"advgb-post-tax-term\">Pers\u00e9e et Androm\u00e8de<\/a>","<a href=\"https:\/\/countermelodypodcast.com\/index.php\/category\/verismo\/\" class=\"advgb-post-tax-term\">Pilar Lorengar<\/a>","<a href=\"https:\/\/countermelodypodcast.com\/index.php\/category\/verismo\/\" class=\"advgb-post-tax-term\">Prayers of Kierkegaard<\/a>","<a href=\"https:\/\/countermelodypodcast.com\/index.php\/category\/verismo\/\" class=\"advgb-post-tax-term\">Ralf Gothoni<\/a>","<a href=\"https:\/\/countermelodypodcast.com\/index.php\/category\/verismo\/\" class=\"advgb-post-tax-term\">Richard Strauss<\/a>","<a href=\"https:\/\/countermelodypodcast.com\/index.php\/category\/verismo\/\" class=\"advgb-post-tax-term\">Robert Gilbert<\/a>","<a href=\"https:\/\/countermelodypodcast.com\/index.php\/category\/verismo\/\" class=\"advgb-post-tax-term\">Robert le Diable<\/a>","<a href=\"https:\/\/countermelodypodcast.com\/index.php\/category\/verismo\/\" class=\"advgb-post-tax-term\">Robert Shaw<\/a>","<a href=\"https:\/\/countermelodypodcast.com\/index.php\/category\/verismo\/\" class=\"advgb-post-tax-term\">Robert Stolz<\/a>","<a href=\"https:\/\/countermelodypodcast.com\/index.php\/category\/verismo\/\" class=\"advgb-post-tax-term\">Ronald Roseman<\/a>","<a href=\"https:\/\/countermelodypodcast.com\/index.php\/category\/verismo\/\" class=\"advgb-post-tax-term\">Ruggero Leoncavallo<\/a>","<a href=\"https:\/\/countermelodypodcast.com\/index.php\/category\/verismo\/\" class=\"advgb-post-tax-term\">Samuel Barber<\/a>","<a href=\"https:\/\/countermelodypodcast.com\/index.php\/category\/verismo\/\" class=\"advgb-post-tax-term\">Show Boat<\/a>","<a href=\"https:\/\/countermelodypodcast.com\/index.php\/category\/verismo\/\" class=\"advgb-post-tax-term\">S\u00f8ren Kierkegaard<\/a>","<a href=\"https:\/\/countermelodypodcast.com\/index.php\/category\/verismo\/\" class=\"advgb-post-tax-term\">St. Louis Woman<\/a>","<a href=\"https:\/\/countermelodypodcast.com\/index.php\/category\/verismo\/\" class=\"advgb-post-tax-term\">Taru Valjakka<\/a>","<a href=\"https:\/\/countermelodypodcast.com\/index.php\/category\/verismo\/\" class=\"advgb-post-tax-term\">Teresa Stratas<\/a>","<a href=\"https:\/\/countermelodypodcast.com\/index.php\/category\/verismo\/\" class=\"advgb-post-tax-term\">Walter Reisch<\/a>","<a href=\"https:\/\/countermelodypodcast.com\/index.php\/category\/verismo\/\" class=\"advgb-post-tax-term\">Zwei Herzen im Dreivierteltakt<\/a>"],"unlinked":["<span class=\"advgb-post-tax-term\">Achim von Arnim<\/span>","<span class=\"advgb-post-tax-term\">Alicia de Larrocha<\/span>","<span class=\"advgb-post-tax-term\">Andre Emelianoff<\/span>","<span class=\"advgb-post-tax-term\">Andr\u00e9e Esposito<\/span>","<span class=\"advgb-post-tax-term\">Annie Fullard<\/span>","<span class=\"advgb-post-tax-term\">Arabella<\/span>","<span class=\"advgb-post-tax-term\">Arleen Aug\u00e9r<\/span>","<span class=\"advgb-post-tax-term\">Bela Jenbach<\/span>","<span class=\"advgb-post-tax-term\">Benita Valente<\/span>","<span class=\"advgb-post-tax-term\">Canciones amatorias<\/span>","<span class=\"advgb-post-tax-term\">Clemens Brentano<\/span>","<span class=\"advgb-post-tax-term\">Colette Herzog<\/span>","<span class=\"advgb-post-tax-term\">Delia Rigal<\/span>","<span class=\"advgb-post-tax-term\">Des Knaben Wunderhorn<\/span>","<span class=\"advgb-post-tax-term\">Don Shirley<\/span>","<span class=\"advgb-post-tax-term\">Donald Voorhees<\/span>","<span class=\"advgb-post-tax-term\">Edith Mathis<\/span>","<span class=\"advgb-post-tax-term\">Elizabeth Harwood<\/span>","<span class=\"advgb-post-tax-term\">Enrique Granados<\/span>","<span class=\"advgb-post-tax-term\">Erik Werba<\/span>","<span class=\"advgb-post-tax-term\">Erika Eckert<\/span>","<span class=\"advgb-post-tax-term\">Erika K\u00f6th<\/span>","<span class=\"advgb-post-tax-term\">Eug\u00e8ne Bigot<\/span>","<span class=\"advgb-post-tax-term\">Eug\u00e8ne Scribe<\/span>","<span class=\"advgb-post-tax-term\">Faye Robinson<\/span>","<span class=\"advgb-post-tax-term\">Francis Poulenc<\/span>","<span class=\"advgb-post-tax-term\">Frank Bridge<\/span>","<span class=\"advgb-post-tax-term\">Frank Dempster Sherman<\/span>","<span class=\"advgb-post-tax-term\">Franz Leh\u00e1r<\/span>","<span class=\"advgb-post-tax-term\">Franz Schulz<\/span>","<span class=\"advgb-post-tax-term\">Genevieve Touraine<\/span>","<span class=\"advgb-post-tax-term\">Georges Bizet<\/span>","<span class=\"advgb-post-tax-term\">Georges Jean-Aubry<\/span>","<span class=\"advgb-post-tax-term\">Gerald Moore<\/span>","<span class=\"advgb-post-tax-term\">Germain Delavigne<\/span>","<span class=\"advgb-post-tax-term\">Giacomo Meyerbeer<\/span>","<span class=\"advgb-post-tax-term\">Gordon Gottlieb<\/span>","<span class=\"advgb-post-tax-term\">Gottfried Heinrich St\u00f6lzel<\/span>","<span class=\"advgb-post-tax-term\">Gotthard Arn\u00e9r<\/span>","<span class=\"advgb-post-tax-term\">Gustav Mahler<\/span>","<span class=\"advgb-post-tax-term\">Hans May<\/span>","<span class=\"advgb-post-tax-term\">Harold Arlen<\/span>","<span class=\"advgb-post-tax-term\">Hilde G\u00fcden<\/span>","<span class=\"advgb-post-tax-term\">Hugo von Hofmannsthal<\/span>","<span class=\"advgb-post-tax-term\">Ignaz Michael Welleminsky<\/span>","<span class=\"advgb-post-tax-term\">Irmgard Seefried<\/span>","<span class=\"advgb-post-tax-term\">Jacqueline Bonneau<\/span>","<span class=\"advgb-post-tax-term\">Jacques F\u00e9vrier<\/span>","<span class=\"advgb-post-tax-term\">Jacques Ibert<\/span>","<span class=\"advgb-post-tax-term\">Jacques Mars<\/span>","<span class=\"advgb-post-tax-term\">Jean Sibelius<\/span>","<span class=\"advgb-post-tax-term\">Jerome Kern<\/span>","<span class=\"advgb-post-tax-term\">Jill Gomez<\/span>","<span class=\"advgb-post-tax-term\">Joanna Bassett<\/span>","<span class=\"advgb-post-tax-term\">Joel Lester<\/span>","<span class=\"advgb-post-tax-term\">Johann Sebastian Bach<\/span>","<span class=\"advgb-post-tax-term\">Johannes Brahms<\/span>","<span class=\"advgb-post-tax-term\">John Constable<\/span>","<span class=\"advgb-post-tax-term\">John DeMain<\/span>","<span class=\"advgb-post-tax-term\">Johnny Mercer<\/span>","<span class=\"advgb-post-tax-term\">Juan Emilio Martini<\/span>","<span class=\"advgb-post-tax-term\">Judith Blegen<\/span>","<span class=\"advgb-post-tax-term\">Judith Raskin<\/span>","<span class=\"advgb-post-tax-term\">Jules Barbier<\/span>","<span class=\"advgb-post-tax-term\">Jules Laforgue<\/span>","<span class=\"advgb-post-tax-term\">Karl B\u00f6hm<\/span>","<span class=\"advgb-post-tax-term\">Karl Engel<\/span>","<span class=\"advgb-post-tax-term\">Karl Friedrich Wilhelm Herrosee<\/span>","<span class=\"advgb-post-tax-term\">Klaus Groth<\/span>","<span class=\"advgb-post-tax-term\">Kurt Eichhorn<\/span>","<span class=\"advgb-post-tax-term\">La Courte Paille<\/span>","<span class=\"advgb-post-tax-term\">Laura Zaerr<\/span>","<span class=\"advgb-post-tax-term\">Louise de Vilmorin<\/span>","<span class=\"advgb-post-tax-term\">Ludwig van Beethoven<\/span>","<span class=\"advgb-post-tax-term\">Manuel de Falla<\/span>","<span class=\"advgb-post-tax-term\">Margarete Teschemacher<\/span>","<span class=\"advgb-post-tax-term\">Martha Flowers<\/span>","<span class=\"advgb-post-tax-term\">Martin Katz<\/span>","<span class=\"advgb-post-tax-term\">Mathieu Ahlersmeyer<\/span>","<span class=\"advgb-post-tax-term\">Matthew Arnold<\/span>","<span class=\"advgb-post-tax-term\">Mattiwilda Dobbs<\/span>","<span class=\"advgb-post-tax-term\">Maurice Car\u00eame<\/span>","<span class=\"advgb-post-tax-term\">Melitta Muszely<\/span>","<span class=\"advgb-post-tax-term\">Merry Peckham<\/span>","<span class=\"advgb-post-tax-term\">M\u00e9tamorphoses<\/span>","<span class=\"advgb-post-tax-term\">Miriam Gideon<\/span>","<span class=\"advgb-post-tax-term\">Nino [n\u00e9 Michel Jean Verber]<\/span>","<span class=\"advgb-post-tax-term\">Oscar Hammerstein II<\/span>","<span class=\"advgb-post-tax-term\">Oscar Levertin<\/span>","<span class=\"advgb-post-tax-term\">Paganini<\/span>","<span class=\"advgb-post-tax-term\">Pagliacci<\/span>","<span class=\"advgb-post-tax-term\">Patricia Spencer<\/span>","<span class=\"advgb-post-tax-term\">Paul Knepler<\/span>","<span class=\"advgb-post-tax-term\">Pers\u00e9e et Androm\u00e8de<\/span>","<span class=\"advgb-post-tax-term\">Pilar Lorengar<\/span>","<span class=\"advgb-post-tax-term\">Prayers of Kierkegaard<\/span>","<span class=\"advgb-post-tax-term\">Ralf Gothoni<\/span>","<span class=\"advgb-post-tax-term\">Richard Strauss<\/span>","<span class=\"advgb-post-tax-term\">Robert Gilbert<\/span>","<span class=\"advgb-post-tax-term\">Robert le Diable<\/span>","<span class=\"advgb-post-tax-term\">Robert Shaw<\/span>","<span class=\"advgb-post-tax-term\">Robert Stolz<\/span>","<span class=\"advgb-post-tax-term\">Ronald Roseman<\/span>","<span class=\"advgb-post-tax-term\">Ruggero Leoncavallo<\/span>","<span class=\"advgb-post-tax-term\">Samuel Barber<\/span>","<span class=\"advgb-post-tax-term\">Show Boat<\/span>","<span class=\"advgb-post-tax-term\">S\u00f8ren Kierkegaard<\/span>","<span class=\"advgb-post-tax-term\">St. Louis Woman<\/span>","<span class=\"advgb-post-tax-term\">Taru Valjakka<\/span>","<span class=\"advgb-post-tax-term\">Teresa Stratas<\/span>","<span class=\"advgb-post-tax-term\">Walter Reisch<\/span>","<span class=\"advgb-post-tax-term\">Zwei Herzen im Dreivierteltakt<\/span>"]}},"comment_count":"0","relative_dates":{"created":"Posted 6 months ago","modified":"Updated 6 months ago"},"absolute_dates":{"created":"Posted on 27\/10\/2025","modified":"Updated on 28\/10\/2025"},"absolute_dates_time":{"created":"Posted on 27\/10\/2025 12:55","modified":"Updated on 28\/10\/2025 09:45"},"featured_img_caption":"","series_order":"","_links":{"self":[{"href":"https:\/\/countermelodypodcast.com\/index.php\/wp-json\/wp\/v2\/posts\/19307","targetHints":{"allow":["GET"]}}],"collection":[{"href":"https:\/\/countermelodypodcast.com\/index.php\/wp-json\/wp\/v2\/posts"}],"about":[{"href":"https:\/\/countermelodypodcast.com\/index.php\/wp-json\/wp\/v2\/types\/post"}],"author":[{"embeddable":true,"href":"https:\/\/countermelodypodcast.com\/index.php\/wp-json\/wp\/v2\/users\/1"}],"replies":[{"embeddable":true,"href":"https:\/\/countermelodypodcast.com\/index.php\/wp-json\/wp\/v2\/comments?post=19307"}],"version-history":[{"count":7,"href":"https:\/\/countermelodypodcast.com\/index.php\/wp-json\/wp\/v2\/posts\/19307\/revisions"}],"predecessor-version":[{"id":19340,"href":"https:\/\/countermelodypodcast.com\/index.php\/wp-json\/wp\/v2\/posts\/19307\/revisions\/19340"}],"wp:featuredmedia":[{"embeddable":true,"href":"https:\/\/countermelodypodcast.com\/index.php\/wp-json\/wp\/v2\/media\/19318"}],"wp:attachment":[{"href":"https:\/\/countermelodypodcast.com\/index.php\/wp-json\/wp\/v2\/media?parent=19307"}],"wp:term":[{"taxonomy":"category","embeddable":true,"href":"https:\/\/countermelodypodcast.com\/index.php\/wp-json\/wp\/v2\/categories?post=19307"},{"taxonomy":"post_tag","embeddable":true,"href":"https:\/\/countermelodypodcast.com\/index.php\/wp-json\/wp\/v2\/tags?post=19307"}],"curies":[{"name":"wp","href":"https:\/\/api.w.org\/{rel}","templated":true}]}}