{"id":10528,"date":"2022-10-07T22:39:32","date_gmt":"2022-10-07T20:39:32","guid":{"rendered":"http:\/\/countermelodypodcast.com\/?p=10528"},"modified":"2022-10-07T23:47:12","modified_gmt":"2022-10-07T21:47:12","slug":"episode-165-giuseppe-verdi-a-libran-birthday-tribute","status":"publish","type":"post","link":"https:\/\/countermelodypodcast.com\/index.php\/2022\/10\/07\/episode-165-giuseppe-verdi-a-libran-birthday-tribute\/","title":{"rendered":"Episode 165. Giuseppe Verdi: A Libran Birthday Tribute"},"content":{"rendered":"<div id=\"mega-menu-wrap-primary\" class=\"mega-menu-wrap\"><div class=\"mega-menu-toggle\"><div class=\"mega-toggle-blocks-left\"><\/div><div class=\"mega-toggle-blocks-center\"><\/div><div class=\"mega-toggle-blocks-right\"><div class='mega-toggle-block mega-menu-toggle-animated-block mega-toggle-block-1' id='mega-toggle-block-1'><button aria-label=\"Menu\" class=\"mega-toggle-animated mega-toggle-animated-slider\" type=\"button\" aria-haspopup=\"true\" aria-expanded=\"false\" aria-controls=\"mega-menu-primary\">\n                  <span class=\"mega-toggle-animated-box\">\n                    <span class=\"mega-toggle-animated-inner\"><\/span>\n                  <\/span>\n                <\/button><\/div><\/div><\/div><ul id=\"mega-menu-primary\" class=\"mega-menu max-mega-menu mega-menu-horizontal mega-no-js\" data-event=\"hover_intent\" data-effect=\"slide\" data-effect-speed=\"200\" data-effect-mobile=\"slide\" data-effect-speed-mobile=\"200\" data-mobile-force-width=\"body\" data-second-click=\"go\" data-document-click=\"collapse\" data-vertical-behaviour=\"standard\" data-breakpoint=\"600\" data-unbind=\"true\" data-mobile-state=\"collapse_all\" data-mobile-direction=\"vertical\" data-hover-intent-timeout=\"300\" data-hover-intent-interval=\"100\"><li class=\"mega-menu-item mega-menu-item-type-post_type mega-menu-item-object-page mega-menu-item-home mega-align-bottom-left mega-menu-flyout mega-menu-item-19160\" id=\"mega-menu-item-19160\"><a class=\"mega-menu-link\" href=\"https:\/\/countermelodypodcast.com\/\">Home<\/a><\/li><li class=\"mega-menu-item mega-menu-item-type-post_type mega-menu-item-object-page mega-align-bottom-left mega-menu-flyout mega-menu-item-19161\" id=\"mega-menu-item-19161\"><a class=\"mega-menu-link\" href=\"https:\/\/countermelodypodcast.com\/index.php\/about-daniel\/\">About Daniel<\/a><\/li><li class=\"mega-menu-item mega-menu-item-type-post_type mega-menu-item-object-page mega-current_page_parent mega-align-bottom-left mega-menu-flyout mega-menu-item-19171\" id=\"mega-menu-item-19171\"><a class=\"mega-menu-link\" href=\"https:\/\/countermelodypodcast.com\/index.php\/all-episodes\/\">All Episodes<\/a><\/li><\/ul><\/div>\n\n\n\n<h2 class=\"wp-block-heading\">Episode 165.  Giuseppe Verdi: A Birthday Tribute from Fellow Librans<\/h2>\n\n\n\n<iframe loading=\"lazy\" width=\"340\" height=\"50\" src=\"https:\/\/countermelody.blubrry.net\/?powerpress_embed=672-podcast&amp;powerpress_player=mediaelement-audio\" title=\"Blubrry Podcast Player\" frameborder=\"0\" scrolling=\"no\"><\/iframe>\n\n\n\n<div class=\"wp-block-columns is-layout-flex wp-container-core-columns-is-layout-9d6595d7 wp-block-columns-is-layout-flex\">\n<div class=\"wp-block-column is-layout-flow wp-block-column-is-layout-flow\">\n<p><strong>SOCIAL SHARE<\/strong><\/p>\n<\/div>\n\n\n\n<div class=\"wp-block-column is-layout-flow wp-block-column-is-layout-flow\">\n<p class=\"has-text-align-right\"><strong>SUBSCRIPTION PLATFORM<\/strong><\/p>\n<\/div>\n<\/div>\n\n\n\n<div class=\"wp-block-columns is-layout-flex wp-container-core-columns-is-layout-9d6595d7 wp-block-columns-is-layout-flex\">\n<div class=\"wp-block-column is-layout-flow wp-block-column-is-layout-flow\">\n<ul class=\"wp-block-social-links has-normal-icon-size is-style-logos-only is-layout-flex wp-block-social-links-is-layout-flex\"><li class=\"wp-social-link wp-social-link-facebook  wp-block-social-link\"><a rel=\"noopener nofollow\" target=\"_blank\" href=\"https:\/\/facebook.com\/sharer\/sharer.php?u=http%3A%2F%2Fcountermelodypodcast.com%2F%3Fp%3D10528&#038;title=Episode%20165.%20Giuseppe%20Verdi%3A%20A%20Libran%20Birthday%20Tribute\" class=\"wp-block-social-link-anchor\"><svg width=\"24\" height=\"24\" viewBox=\"0 0 24 24\" version=\"1.1\" xmlns=\"http:\/\/www.w3.org\/2000\/svg\" aria-hidden=\"true\" focusable=\"false\"><path d=\"M12 2C6.5 2 2 6.5 2 12c0 5 3.7 9.1 8.4 9.9v-7H7.9V12h2.5V9.8c0-2.5 1.5-3.9 3.8-3.9 1.1 0 2.2.2 2.2.2v2.5h-1.3c-1.2 0-1.6.8-1.6 1.6V12h2.8l-.4 2.9h-2.3v7C18.3 21.1 22 17 22 12c0-5.5-4.5-10-10-10z\"><\/path><\/svg><span class=\"wp-block-social-link-label screen-reader-text\">Share on Facebook<\/span><\/a><\/li>\n\n<li class=\"wp-social-link wp-social-link-twitter  wp-block-social-link\"><a rel=\"noopener nofollow\" target=\"_blank\" href=\"https:\/\/twitter.com\/share?url=http%3A%2F%2Fcountermelodypodcast.com%2F%3Fp%3D10528&#038;link=Episode%20165.%20Giuseppe%20Verdi%3A%20A%20Libran%20Birthday%20Tribute\" class=\"wp-block-social-link-anchor\"><svg width=\"24\" height=\"24\" viewBox=\"0 0 24 24\" version=\"1.1\" xmlns=\"http:\/\/www.w3.org\/2000\/svg\" aria-hidden=\"true\" focusable=\"false\"><path d=\"M22.23,5.924c-0.736,0.326-1.527,0.547-2.357,0.646c0.847-0.508,1.498-1.312,1.804-2.27 c-0.793,0.47-1.671,0.812-2.606,0.996C18.324,4.498,17.257,4,16.077,4c-2.266,0-4.103,1.837-4.103,4.103 c0,0.322,0.036,0.635,0.106,0.935C8.67,8.867,5.647,7.234,3.623,4.751C3.27,5.357,3.067,6.062,3.067,6.814 c0,1.424,0.724,2.679,1.825,3.415c-0.673-0.021-1.305-0.206-1.859-0.513c0,0.017,0,0.034,0,0.052c0,1.988,1.414,3.647,3.292,4.023 c-0.344,0.094-0.707,0.144-1.081,0.144c-0.264,0-0.521-0.026-0.772-0.074c0.522,1.63,2.038,2.816,3.833,2.85 c-1.404,1.1-3.174,1.756-5.096,1.756c-0.331,0-0.658-0.019-0.979-0.057c1.816,1.164,3.973,1.843,6.29,1.843 c7.547,0,11.675-6.252,11.675-11.675c0-0.178-0.004-0.355-0.012-0.531C20.985,7.47,21.68,6.747,22.23,5.924z\"><\/path><\/svg><span class=\"wp-block-social-link-label screen-reader-text\">Share on Twitter<\/span><\/a><\/li>\n\n<li class=\"wp-social-link wp-social-link-pinterest  wp-block-social-link\"><a rel=\"noopener nofollow\" target=\"_blank\" href=\"https:\/\/pinterest.com\/pin\/create\/button\/?url=http%3A%2F%2Fcountermelodypodcast.com%2F%3Fp%3D10528&#038;description=Episode%20165.%20Giuseppe%20Verdi%3A%20A%20Libran%20Birthday%20Tribute\" class=\"wp-block-social-link-anchor\"><svg width=\"24\" height=\"24\" viewBox=\"0 0 24 24\" version=\"1.1\" xmlns=\"http:\/\/www.w3.org\/2000\/svg\" aria-hidden=\"true\" focusable=\"false\"><path d=\"M12.289,2C6.617,2,3.606,5.648,3.606,9.622c0,1.846,1.025,4.146,2.666,4.878c0.25,0.111,0.381,0.063,0.439-0.169 c0.044-0.175,0.267-1.029,0.365-1.428c0.032-0.128,0.017-0.237-0.091-0.362C6.445,11.911,6.01,10.75,6.01,9.668 c0-2.777,2.194-5.464,5.933-5.464c3.23,0,5.49,2.108,5.49,5.122c0,3.407-1.794,5.768-4.13,5.768c-1.291,0-2.257-1.021-1.948-2.277 c0.372-1.495,1.089-3.112,1.089-4.191c0-0.967-0.542-1.775-1.663-1.775c-1.319,0-2.379,1.309-2.379,3.059 c0,1.115,0.394,1.869,0.394,1.869s-1.302,5.279-1.54,6.261c-0.405,1.666,0.053,4.368,0.094,4.604 c0.021,0.126,0.167,0.169,0.25,0.063c0.129-0.165,1.699-2.419,2.142-4.051c0.158-0.59,0.817-2.995,0.817-2.995 c0.43,0.784,1.681,1.446,3.013,1.446c3.963,0,6.822-3.494,6.822-7.833C20.394,5.112,16.849,2,12.289,2\"><\/path><\/svg><span class=\"wp-block-social-link-label screen-reader-text\">Share on Pinterest<\/span><\/a><\/li>\n\n<li class=\"wp-social-link wp-social-link-email  wp-block-social-link\"><a rel=\"noopener nofollow\" target=\"_blank\" href=\"mailto:?body=http%3A%2F%2Fcountermelodypodcast.com%2F%3Fp%3D10528&#038;subject=Episode%20165.%20Giuseppe%20Verdi%3A%20A%20Libran%20Birthday%20Tribute\" class=\"wp-block-social-link-anchor\"><svg width=\"24\" height=\"24\" xmlns=\"http:\/\/www.w3.org\/2000\/svg\" viewBox=\"0 0 24 24\"><path d=\"M9 11.8l6.1-4.5c.1.4.4.7.9.7h2c.6 0 1-.4 1-1V5c0-.6-.4-1-1-1h-2c-.6 0-1 .4-1 1v.4l-6.4 4.8c-.2-.1-.4-.2-.6-.2H6c-.6 0-1 .4-1 1v2c0 .6.4 1 1 1h2c.2 0 .4-.1.6-.2l6.4 4.8v.4c0 .6.4 1 1 1h2c.6 0 1-.4 1-1v-2c0-.6-.4-1-1-1h-2c-.5 0-.8.3-.9.7L9 12.2v-.4z\"\/><\/svg><span class=\"wp-block-social-link-label screen-reader-text\">Share via Email<\/span><\/a><\/li>\n\n<li class=\"wp-social-link wp-social-link-reddit  wp-block-social-link\"><a rel=\"noopener nofollow\" target=\"_blank\" href=\"https:\/\/reddit.com\/submit?url=http%3A%2F%2Fcountermelodypodcast.com%2F%3Fp%3D10528&#038;title=Episode%20165.%20Giuseppe%20Verdi%3A%20A%20Libran%20Birthday%20Tribute\" class=\"wp-block-social-link-anchor\"><svg width=\"24\" height=\"24\" viewBox=\"0 0 24 24\" version=\"1.1\" xmlns=\"http:\/\/www.w3.org\/2000\/svg\" aria-hidden=\"true\" focusable=\"false\"><path d=\"M5.27 9.221A2.775 2.775 0 0 0 2.498 11.993a2.785 2.785 0 0 0 1.6 2.511 5.337 5.337 0 0 0 2.374 4.11 9.386 9.386 0 0 0 5.539 1.7 9.386 9.386 0 0 0 5.541-1.7 5.331 5.331 0 0 0 2.372-4.114 2.787 2.787 0 0 0 1.583-2.5 2.775 2.775 0 0 0-2.772-2.772 2.742 2.742 0 0 0-1.688.574 9.482 9.482 0 0 0-4.637-1.348v-.008a2.349 2.349 0 0 1 2.011-2.316 1.97 1.97 0 0 0 1.926 1.521 1.98 1.98 0 0 0 1.978-1.978 1.98 1.98 0 0 0-1.978-1.978 1.985 1.985 0 0 0-1.938 1.578 3.183 3.183 0 0 0-2.849 3.172v.011a9.463 9.463 0 0 0-4.59 1.35 2.741 2.741 0 0 0-1.688-.574Zm6.736 9.1a3.162 3.162 0 0 1-2.921-1.944.215.215 0 0 1 .014-.2.219.219 0 0 1 .168-.106 27.327 27.327 0 0 1 2.74-.133 27.357 27.357 0 0 1 2.74.133.219.219 0 0 1 .168.106.215.215 0 0 1 .014.2 3.158 3.158 0 0 1-2.921 1.944Zm3.743-3.157a1.265 1.265 0 0 1-1.4-1.371 1.954 1.954 0 0 1 .482-1.442 1.15 1.15 0 0 1 .842-.379 1.7 1.7 0 0 1 1.49 1.777 1.323 1.323 0 0 1-.325 1.015 1.476 1.476 0 0 1-1.089.4Zm-7.485 0a1.476 1.476 0 0 1-1.086-.4 1.323 1.323 0 0 1-.325-1.016 1.7 1.7 0 0 1 1.49-1.777 1.151 1.151 0 0 1 .843.379 1.951 1.951 0 0 1 .481 1.441 1.276 1.276 0 0 1-1.403 1.373Z\"><\/path><\/svg><span class=\"wp-block-social-link-label screen-reader-text\">Share on Reddit<\/span><\/a><\/li><\/ul>\n<\/div>\n\n\n\n<div class=\"wp-block-column is-layout-flow wp-block-column-is-layout-flow\">\n<div class=\"wp-block-buttons is-horizontal is-content-justification-left is-layout-flex wp-container-core-buttons-is-layout-7e5fce0a wp-block-buttons-is-layout-flex advgb-dyn-5e5a4c85\">\n<div class=\"wp-block-button alignright advgb-dyn-18d652e6\"><a class=\"wp-block-button__link no-border-radius\" href=\"https:\/\/countermelody.blubrry.net\/\">SUBSCRIBE VIA YOUR FAVORITE PODCAST PLATFORM<\/a><\/div>\n<\/div>\n<\/div>\n<\/div>\n\n\n\n<div style=\"height:100px\" aria-hidden=\"true\" class=\"wp-block-spacer\"><\/div>\n\n\n<div class=\"wp-block-image\">\n<figure class=\"aligncenter size-large advgb-dyn-24aad414\"><img loading=\"lazy\" decoding=\"async\" width=\"771\" height=\"1024\" src=\"https:\/\/countermelodypodcast.com\/wp-content\/uploads\/2022\/10\/Joe-Green-771x1024.jpg\" alt=\"\" class=\"wp-image-10855\" srcset=\"https:\/\/countermelodypodcast.com\/wp-content\/uploads\/2022\/10\/Joe-Green-771x1024.jpg 771w, https:\/\/countermelodypodcast.com\/wp-content\/uploads\/2022\/10\/Joe-Green-226x300.jpg 226w, https:\/\/countermelodypodcast.com\/wp-content\/uploads\/2022\/10\/Joe-Green-768x1020.jpg 768w, https:\/\/countermelodypodcast.com\/wp-content\/uploads\/2022\/10\/Joe-Green-1157x1536.jpg 1157w, https:\/\/countermelodypodcast.com\/wp-content\/uploads\/2022\/10\/Joe-Green.jpg 1500w\" sizes=\"auto, (max-width: 771px) 100vw, 771px\" \/><\/figure>\n<\/div>\n\n\n<div style=\"height:38px\" aria-hidden=\"true\" class=\"wp-block-spacer advgb-dyn-5a996784\"><\/div>\n\n\n\n<p>The great Giuseppe Verdi was born this week in 1813. Since his birthday occurs in the same week as mine, and since I firmly believe that I was a Verdi soprano in a former life, I am paying tribute to him this week with a series of excerpts from his works performed by exceptional singers whose birthdays also occur in the month of October. It\u2019s astounding how many great Verdi singers were born at the time of the harvest moon: Luciano Pavarotti, Tito Gobbi, Camilla Williams, Jon Vickers, Rolando Panerai, Dmitri Hvorostovsky, Sena Jurinac, and many, many more. I have assembled a setlist featuring more than 20 such singers, including more than a few surprises (the young Irmgard Seefried singing the soprano solo in the Requiem; and a few choice artists that you may have forgotten about, among them Irene Dalis, Delia Rigal, and John Alexander). This whole month will be a birthday extravaganza and this is a marvelous way to start off the celebration, if I do say so myself!<\/p>\n\n\n\n<div style=\"height:47px\" aria-hidden=\"true\" class=\"wp-block-spacer advgb-dyn-3c7bf8da\"><\/div>\n\n\n\n<p class=\"has-custom-size\" style=\"font-size:30px\"><strong> RECORDINGS HEARD IN THIS EPISODE<\/strong><\/p>\n\n\n\n<div style=\"height:55px\" aria-hidden=\"true\" class=\"wp-block-spacer advgb-dyn-13857eb0\"><\/div>\n\n\n\n<p>All selections composed by <strong>Giuseppe Verdi<\/strong> (09 [or 10] October 1813 \u2013 27 January 1901)<\/p>\n\n\n\n<div style=\"height:100px\" aria-hidden=\"true\" class=\"wp-block-spacer\"><\/div>\n\n\n<div class=\"wp-block-image\">\n<figure class=\"aligncenter size-full\"><img loading=\"lazy\" decoding=\"async\" width=\"480\" height=\"360\" src=\"https:\/\/countermelodypodcast.com\/wp-content\/uploads\/2022\/10\/Casanova.jpg\" alt=\"\" class=\"wp-image-10858\" srcset=\"https:\/\/countermelodypodcast.com\/wp-content\/uploads\/2022\/10\/Casanova.jpg 480w, https:\/\/countermelodypodcast.com\/wp-content\/uploads\/2022\/10\/Casanova-300x225.jpg 300w\" sizes=\"auto, (max-width: 480px) 100vw, 480px\" \/><\/figure>\n<\/div>\n\n\n<p>Andrea Maffei: Brindisi. Francisco Casanova, unknown pianist [live recital 2004]<\/p>\n\n\n\n<div style=\"height:100px\" aria-hidden=\"true\" class=\"wp-block-spacer\"><\/div>\n\n\n<div class=\"wp-block-image\">\n<figure class=\"aligncenter size-full\"><img loading=\"lazy\" decoding=\"async\" width=\"532\" height=\"724\" src=\"https:\/\/countermelodypodcast.com\/wp-content\/uploads\/2022\/10\/Connell.jpg\" alt=\"\" class=\"wp-image-10860\" srcset=\"https:\/\/countermelodypodcast.com\/wp-content\/uploads\/2022\/10\/Connell.jpg 532w, https:\/\/countermelodypodcast.com\/wp-content\/uploads\/2022\/10\/Connell-220x300.jpg 220w\" sizes=\"auto, (max-width: 532px) 100vw, 532px\" \/><\/figure>\n<\/div>\n\n\n<p>Temistocle Solera: Ben io t&#8217;invenni, o fatal scritto (<em>Nabucco<\/em>). Elizabeth Connell, Carlo Felice Cillario, State Orchestra of Victoria [live Melbourne 07.V.96]<\/p>\n\n\n\n<div style=\"height:100px\" aria-hidden=\"true\" class=\"wp-block-spacer\"><\/div>\n\n\n<div class=\"wp-block-image\">\n<figure class=\"aligncenter size-full\"><img loading=\"lazy\" decoding=\"async\" width=\"800\" height=\"950\" src=\"https:\/\/countermelodypodcast.com\/wp-content\/uploads\/2022\/10\/Gobbi.jpg\" alt=\"\" class=\"wp-image-10861\" srcset=\"https:\/\/countermelodypodcast.com\/wp-content\/uploads\/2022\/10\/Gobbi.jpg 800w, https:\/\/countermelodypodcast.com\/wp-content\/uploads\/2022\/10\/Gobbi-253x300.jpg 253w, https:\/\/countermelodypodcast.com\/wp-content\/uploads\/2022\/10\/Gobbi-768x912.jpg 768w\" sizes=\"auto, (max-width: 800px) 100vw, 800px\" \/><\/figure>\n<\/div>\n\n\n<p>Arrigo Boito: Era la notte (<em>Otello<\/em>). Tito Gobbi, Alberto Erede, Royal Philharmonic Orchestra [1948]<\/p>\n\n\n\n<div style=\"height:100px\" aria-hidden=\"true\" class=\"wp-block-spacer\"><\/div>\n\n\n<div class=\"wp-block-image\">\n<figure class=\"aligncenter size-full\"><img loading=\"lazy\" decoding=\"async\" width=\"755\" height=\"959\" src=\"https:\/\/countermelodypodcast.com\/wp-content\/uploads\/2022\/10\/alan-Titus.jpg\" alt=\"\" class=\"wp-image-10865\" srcset=\"https:\/\/countermelodypodcast.com\/wp-content\/uploads\/2022\/10\/alan-Titus.jpg 755w, https:\/\/countermelodypodcast.com\/wp-content\/uploads\/2022\/10\/alan-Titus-236x300.jpg 236w\" sizes=\"auto, (max-width: 755px) 100vw, 755px\" \/><\/figure>\n<\/div>\n\n\n<p>Arrigo Boito [after William Shakespeare]: O matrimonio, infamia! [excerpt from \u00c8 sogno? o realt\u00e0?] (<em>Falstaff<\/em>). Alan Titus, Colin Davis, Symphonie-Orchester des Bayerischen Rundfunks [1992]<\/p>\n\n\n\n<div style=\"height:100px\" aria-hidden=\"true\" class=\"wp-block-spacer\"><\/div>\n\n\n<div class=\"wp-block-image\">\n<figure class=\"aligncenter size-full\"><img loading=\"lazy\" decoding=\"async\" width=\"768\" height=\"780\" src=\"https:\/\/countermelodypodcast.com\/wp-content\/uploads\/2022\/10\/Panerai.jpg\" alt=\"\" class=\"wp-image-10866\" srcset=\"https:\/\/countermelodypodcast.com\/wp-content\/uploads\/2022\/10\/Panerai.jpg 768w, https:\/\/countermelodypodcast.com\/wp-content\/uploads\/2022\/10\/Panerai-295x300.jpg 295w\" sizes=\"auto, (max-width: 768px) 100vw, 768px\" \/><\/figure>\n<\/div>\n\n\n<p>Temistocle Solera: Speme al vecchio (<em>Giovanna d&#8217;Arco<\/em>). Rolando Panerai, Alfredo Simonetto, Orchestra di Milano della RAI [live radio recording Milano 26.V.51]<\/p>\n\n\n\n<div style=\"height:100px\" aria-hidden=\"true\" class=\"wp-block-spacer\"><\/div>\n\n\n<div class=\"wp-block-image\">\n<figure class=\"aligncenter size-full\"><img loading=\"lazy\" decoding=\"async\" width=\"768\" height=\"921\" src=\"https:\/\/countermelodypodcast.com\/wp-content\/uploads\/2022\/10\/Gorin-Antique.jpg\" alt=\"\" class=\"wp-image-10867\" srcset=\"https:\/\/countermelodypodcast.com\/wp-content\/uploads\/2022\/10\/Gorin-Antique.jpg 768w, https:\/\/countermelodypodcast.com\/wp-content\/uploads\/2022\/10\/Gorin-Antique-250x300.jpg 250w\" sizes=\"auto, (max-width: 768px) 100vw, 768px\" \/><\/figure>\n<\/div>\n\n\n<p>Temistocle Solera [after Zacharias Werner]: Dagli immortal vertici (<em>Attila<\/em>). Igor Gorin, Orchestra conducted by Bruno Reibold [1941]<\/p>\n\n\n\n<div style=\"height:100px\" aria-hidden=\"true\" class=\"wp-block-spacer\"><\/div>\n\n\n<div class=\"wp-block-image\">\n<figure class=\"aligncenter size-full\"><img loading=\"lazy\" decoding=\"async\" width=\"413\" height=\"557\" src=\"https:\/\/countermelodypodcast.com\/wp-content\/uploads\/2022\/10\/Araiza-serious.jpg\" alt=\"\" class=\"wp-image-10868\" srcset=\"https:\/\/countermelodypodcast.com\/wp-content\/uploads\/2022\/10\/Araiza-serious.jpg 413w, https:\/\/countermelodypodcast.com\/wp-content\/uploads\/2022\/10\/Araiza-serious-222x300.jpg 222w\" sizes=\"auto, (max-width: 413px) 100vw, 413px\" \/><\/figure>\n<\/div>\n\n\n<p>Salvatore Cammarano [after Voltaire]: Non di codarde lagrime (<em>Alzira<\/em>). Francisco Araiza, Lamberto Gardelli, M\u00fcnchener Rundfunkorchester, Chor des Bayerischen Rundfunks [1983]<\/p>\n\n\n\n<div style=\"height:100px\" aria-hidden=\"true\" class=\"wp-block-spacer\"><\/div>\n\n\n<div class=\"wp-block-image\">\n<figure class=\"aligncenter size-full\"><img loading=\"lazy\" decoding=\"async\" width=\"662\" height=\"577\" src=\"https:\/\/countermelodypodcast.com\/wp-content\/uploads\/2022\/10\/Edda-with-Rose.jpg\" alt=\"\" class=\"wp-image-10869\" srcset=\"https:\/\/countermelodypodcast.com\/wp-content\/uploads\/2022\/10\/Edda-with-Rose.jpg 662w, https:\/\/countermelodypodcast.com\/wp-content\/uploads\/2022\/10\/Edda-with-Rose-300x261.jpg 300w\" sizes=\"auto, (max-width: 662px) 100vw, 662px\" \/><\/figure>\n<\/div>\n\n\n<p>Francesco Maria Piave [after Victor Hugo]: Caro nome (<em>Rigoletto<\/em>). Edda Moser, Georg Singer, Orchester der Wiener Staatsoper [live Wien 07.II.73]<\/p>\n\n\n\n<div style=\"height:100px\" aria-hidden=\"true\" class=\"wp-block-spacer\"><\/div>\n\n\n<div class=\"wp-block-image\">\n<figure class=\"aligncenter size-full\"><img loading=\"lazy\" decoding=\"async\" width=\"374\" height=\"591\" src=\"https:\/\/countermelodypodcast.com\/wp-content\/uploads\/2022\/10\/delia-rigal.png\" alt=\"\" class=\"wp-image-10871\" srcset=\"https:\/\/countermelodypodcast.com\/wp-content\/uploads\/2022\/10\/delia-rigal.png 374w, https:\/\/countermelodypodcast.com\/wp-content\/uploads\/2022\/10\/delia-rigal-190x300.png 190w\" sizes=\"auto, (max-width: 374px) 100vw, 374px\" \/><\/figure>\n<\/div>\n\n\n<p>Francesco Maria Piave [after Alexandre Dumas]: Teneste la promessa&#8230; Addio del passato (<em>La traviata<\/em>). Delia Rigal, Juan Emilio Martini, Orchestra del Teatro Col\u00f3n [1952]<\/p>\n\n\n\n<div style=\"height:100px\" aria-hidden=\"true\" class=\"wp-block-spacer\"><\/div>\n\n\n<div class=\"wp-block-image\">\n<figure class=\"aligncenter size-full\"><img loading=\"lazy\" decoding=\"async\" width=\"638\" height=\"478\" src=\"https:\/\/countermelodypodcast.com\/wp-content\/uploads\/2022\/10\/Hvorostovsky.png\" alt=\"\" class=\"wp-image-10872\" srcset=\"https:\/\/countermelodypodcast.com\/wp-content\/uploads\/2022\/10\/Hvorostovsky.png 638w, https:\/\/countermelodypodcast.com\/wp-content\/uploads\/2022\/10\/Hvorostovsky-300x225.png 300w\" sizes=\"auto, (max-width: 638px) 100vw, 638px\" \/><\/figure>\n<\/div>\n\n\n<p>Francesco Maria Piave [after Alexandre Dumas]: Di Provenza il mar (<em>La traviata<\/em>). Dmitri Hvorostovsky, Dmitri Hvorostovsky, Speranza Scappucci, Orchester der Wiener Volksoper [live Wien 29.XI.16]<\/p>\n\n\n\n<div style=\"height:100px\" aria-hidden=\"true\" class=\"wp-block-spacer\"><\/div>\n\n\n<div class=\"wp-block-image\">\n<figure class=\"aligncenter size-full\"><img loading=\"lazy\" decoding=\"async\" width=\"539\" height=\"734\" src=\"https:\/\/countermelodypodcast.com\/wp-content\/uploads\/2022\/10\/John-Alexander.jpg\" alt=\"\" class=\"wp-image-10873\" srcset=\"https:\/\/countermelodypodcast.com\/wp-content\/uploads\/2022\/10\/John-Alexander.jpg 539w, https:\/\/countermelodypodcast.com\/wp-content\/uploads\/2022\/10\/John-Alexander-220x300.jpg 220w\" sizes=\"auto, (max-width: 539px) 100vw, 539px\" \/><\/figure>\n<\/div>\n\n\n<p>Antonio Somma [after Eug\u00e8ne Scribe]: Ma se m&#8217;\u00e8 forza perderti (<em>Un ballo in maschera<\/em>). John Alexander, Julius Rudel, Philadelphia Orchestra [live 23.VIII.70]<\/p>\n\n\n\n<div style=\"height:100px\" aria-hidden=\"true\" class=\"wp-block-spacer\"><\/div>\n\n\n<div class=\"wp-block-image\">\n<figure class=\"aligncenter size-large\"><img loading=\"lazy\" decoding=\"async\" width=\"680\" height=\"1024\" src=\"https:\/\/countermelodypodcast.com\/wp-content\/uploads\/2022\/10\/Moldoveanu-headshot-680x1024.jpg\" alt=\"\" class=\"wp-image-10875\" srcset=\"https:\/\/countermelodypodcast.com\/wp-content\/uploads\/2022\/10\/Moldoveanu-headshot-680x1024.jpg 680w, https:\/\/countermelodypodcast.com\/wp-content\/uploads\/2022\/10\/Moldoveanu-headshot-199x300.jpg 199w, https:\/\/countermelodypodcast.com\/wp-content\/uploads\/2022\/10\/Moldoveanu-headshot.jpg 738w\" sizes=\"auto, (max-width: 680px) 100vw, 680px\" \/><\/figure>\n<\/div>\n\n\n<p>Joseph M\u00e9ry, Camille du Locle, Achille de Lauzi\u00e8res [Italian transation] [after Friedrich Schiller]: Io la vidi (<em>Don Carlo<\/em>). Vasile Moldoveanu, Josef D\u00fcnnwald<a>, <\/a>Orchester des W\u00fcrtembergischen Staatstheaters [1976]<\/p>\n\n\n\n<div style=\"height:100px\" aria-hidden=\"true\" class=\"wp-block-spacer\"><\/div>\n\n\n<div class=\"wp-block-image\">\n<figure class=\"aligncenter size-full\"><img loading=\"lazy\" decoding=\"async\" width=\"428\" height=\"577\" src=\"https:\/\/countermelodypodcast.com\/wp-content\/uploads\/2022\/10\/Irene-Dalis.png\" alt=\"\" class=\"wp-image-10876\" srcset=\"https:\/\/countermelodypodcast.com\/wp-content\/uploads\/2022\/10\/Irene-Dalis.png 428w, https:\/\/countermelodypodcast.com\/wp-content\/uploads\/2022\/10\/Irene-Dalis-223x300.png 223w\" sizes=\"auto, (max-width: 428px) 100vw, 428px\" \/><\/figure>\n<\/div>\n\n\n<p>Joseph M\u00e9ry, Camille du Locle, Achille de Lauzi\u00e8res [Italian transation] [after Friedrich Schiller]: O don fatale (<em>Don Carlo<\/em>). Irene Dalis, Nino Verchi, Orchestra of the Metropolitan Opera [live 15.I.61]<\/p>\n\n\n\n<div style=\"height:100px\" aria-hidden=\"true\" class=\"wp-block-spacer\"><\/div>\n\n\n<div class=\"wp-block-image\">\n<figure class=\"aligncenter size-large\"><img loading=\"lazy\" decoding=\"async\" width=\"795\" height=\"1024\" src=\"https:\/\/countermelodypodcast.com\/wp-content\/uploads\/2022\/10\/janku-795x1024.jpg\" alt=\"\" class=\"wp-image-10877\" srcset=\"https:\/\/countermelodypodcast.com\/wp-content\/uploads\/2022\/10\/janku-795x1024.jpg 795w, https:\/\/countermelodypodcast.com\/wp-content\/uploads\/2022\/10\/janku-233x300.jpg 233w, https:\/\/countermelodypodcast.com\/wp-content\/uploads\/2022\/10\/janku-768x990.jpg 768w, https:\/\/countermelodypodcast.com\/wp-content\/uploads\/2022\/10\/janku-1192x1536.jpg 1192w, https:\/\/countermelodypodcast.com\/wp-content\/uploads\/2022\/10\/janku.jpg 1352w\" sizes=\"auto, (max-width: 795px) 100vw, 795px\" \/><\/figure>\n<\/div>\n\n\n<p>Francesco Maria Piave [after \u00c1ngel de Saavedra]: Pace, pace, mio Dio (<em>La forza del destino<\/em>). Hana Jank\u016f, Franti\u0161ek J\u00edlek, Brno State Theatre Opera Orchestra [1970]<\/p>\n\n\n\n<div style=\"height:100px\" aria-hidden=\"true\" class=\"wp-block-spacer\"><\/div>\n\n\n<div class=\"wp-block-image\">\n<figure class=\"aligncenter size-large\"><img loading=\"lazy\" decoding=\"async\" width=\"797\" height=\"1024\" src=\"https:\/\/countermelodypodcast.com\/wp-content\/uploads\/2022\/10\/camilla-797x1024.jpg\" alt=\"\" class=\"wp-image-10878\" srcset=\"https:\/\/countermelodypodcast.com\/wp-content\/uploads\/2022\/10\/camilla-797x1024.jpg 797w, https:\/\/countermelodypodcast.com\/wp-content\/uploads\/2022\/10\/camilla-233x300.jpg 233w, https:\/\/countermelodypodcast.com\/wp-content\/uploads\/2022\/10\/camilla-768x987.jpg 768w, https:\/\/countermelodypodcast.com\/wp-content\/uploads\/2022\/10\/camilla.jpg 1077w\" sizes=\"auto, (max-width: 797px) 100vw, 797px\" \/><\/figure>\n<\/div>\n\n\n<p>Antonio Ghislanzoni [after Auguste Mariette and Temistocle Solera]: Ritorna vincitor! (<em>Aida<\/em>). Camilla Williams, Laszlo Halasz, New York City Opera Orchestra [ca. 1952]<\/p>\n\n\n\n<div style=\"height:100px\" aria-hidden=\"true\" class=\"wp-block-spacer\"><\/div>\n\n\n\n<figure class=\"wp-block-gallery has-nested-images columns-default is-cropped wp-block-gallery-1 is-layout-flex wp-block-gallery-is-layout-flex\">\n<figure class=\"wp-block-image size-large\"><img loading=\"lazy\" decoding=\"async\" width=\"484\" height=\"614\" data-id=\"10880\" src=\"https:\/\/countermelodypodcast.com\/wp-content\/uploads\/2022\/10\/Galina.png\" alt=\"\" class=\"wp-image-10880\" srcset=\"https:\/\/countermelodypodcast.com\/wp-content\/uploads\/2022\/10\/Galina.png 484w, https:\/\/countermelodypodcast.com\/wp-content\/uploads\/2022\/10\/Galina-236x300.png 236w\" sizes=\"auto, (max-width: 484px) 100vw, 484px\" \/><\/figure>\n\n\n\n<figure class=\"wp-block-image size-large\"><img loading=\"lazy\" decoding=\"async\" width=\"464\" height=\"588\" data-id=\"10879\" src=\"https:\/\/countermelodypodcast.com\/wp-content\/uploads\/2022\/10\/Vickers.png\" alt=\"\" class=\"wp-image-10879\" srcset=\"https:\/\/countermelodypodcast.com\/wp-content\/uploads\/2022\/10\/Vickers.png 464w, https:\/\/countermelodypodcast.com\/wp-content\/uploads\/2022\/10\/Vickers-237x300.png 237w\" sizes=\"auto, (max-width: 464px) 100vw, 464px\" \/><\/figure>\n<\/figure>\n\n\n\n<p>Antonio Ghislanzoni [after Auguste Mariette and Temistocle Solera]: O terra, addio (<em>Aida<\/em>). Galina Vishnevskaya, Jon Vickers, Giulietta Simionato, Bryan Balkwill, Orchestra of the Royal Opera House Covent Garden [live London 04.II.64]<\/p>\n\n\n\n<div style=\"height:100px\" aria-hidden=\"true\" class=\"wp-block-spacer\"><\/div>\n\n\n<div class=\"wp-block-image\">\n<figure class=\"aligncenter size-large\"><img loading=\"lazy\" decoding=\"async\" width=\"786\" height=\"1024\" src=\"https:\/\/countermelodypodcast.com\/wp-content\/uploads\/2022\/10\/turner-786x1024.jpg\" alt=\"\" class=\"wp-image-10881\" srcset=\"https:\/\/countermelodypodcast.com\/wp-content\/uploads\/2022\/10\/turner-786x1024.jpg 786w, https:\/\/countermelodypodcast.com\/wp-content\/uploads\/2022\/10\/turner-230x300.jpg 230w, https:\/\/countermelodypodcast.com\/wp-content\/uploads\/2022\/10\/turner-768x1000.jpg 768w, https:\/\/countermelodypodcast.com\/wp-content\/uploads\/2022\/10\/turner-1179x1536.jpg 1179w, https:\/\/countermelodypodcast.com\/wp-content\/uploads\/2022\/10\/turner.jpg 1200w\" sizes=\"auto, (max-width: 786px) 100vw, 786px\" \/><\/figure>\n<\/div>\n\n\n<p>Judex ergo cum sedebit [excerpt from Liber scriptus] (<em>Messa da Requiem<\/em>). Claramae Turner, Guido Cantelli, New York Philharmonic, Westminster Choir [live New York 03.II.55]<\/p>\n\n\n\n<div style=\"height:100px\" aria-hidden=\"true\" class=\"wp-block-spacer\"><\/div>\n\n\n<div class=\"wp-block-image\">\n<figure class=\"aligncenter size-full\"><img loading=\"lazy\" decoding=\"async\" width=\"476\" height=\"923\" src=\"https:\/\/countermelodypodcast.com\/wp-content\/uploads\/2022\/10\/Seefried-posing.jpg\" alt=\"\" class=\"wp-image-10882\" srcset=\"https:\/\/countermelodypodcast.com\/wp-content\/uploads\/2022\/10\/Seefried-posing.jpg 476w, https:\/\/countermelodypodcast.com\/wp-content\/uploads\/2022\/10\/Seefried-posing-155x300.jpg 155w\" sizes=\"auto, (max-width: 476px) 100vw, 476px\" \/><\/figure>\n<\/div>\n\n\n<p>Requiem aeternam [excerpt from Libera me] (<em>Messa da Requiem<\/em>). Irmgard Seefried, Karl B\u00f6hm,<a> <\/a>Chor der Wiener Staatsoper [live 04.II.45]<\/p>\n\n\n\n<div style=\"height:100px\" aria-hidden=\"true\" class=\"wp-block-spacer\"><\/div>\n\n\n<div class=\"wp-block-image\">\n<figure class=\"aligncenter size-full\"><img loading=\"lazy\" decoding=\"async\" width=\"564\" height=\"891\" src=\"https:\/\/countermelodypodcast.com\/wp-content\/uploads\/2022\/10\/Jurinac.jpg\" alt=\"\" class=\"wp-image-10883\" srcset=\"https:\/\/countermelodypodcast.com\/wp-content\/uploads\/2022\/10\/Jurinac.jpg 564w, https:\/\/countermelodypodcast.com\/wp-content\/uploads\/2022\/10\/Jurinac-190x300.jpg 190w\" sizes=\"auto, (max-width: 564px) 100vw, 564px\" \/><\/figure>\n<\/div>\n\n\n<p>Arrigo Boito (after William Shakespeare): Ave Maria (<em>Otello<\/em>). Sena Jurinac, Orchestra conducted by Christoph von Dohn\u00e1nyi<a> <\/a>[German telecast 1969]<\/p>\n\n\n\n<div style=\"height:100px\" aria-hidden=\"true\" class=\"wp-block-spacer\"><\/div>\n\n\n<div class=\"wp-block-image\">\n<figure class=\"aligncenter size-full is-resized\"><img loading=\"lazy\" decoding=\"async\" src=\"https:\/\/countermelodypodcast.com\/wp-content\/uploads\/2022\/10\/pavarotti-duca.jpg\" alt=\"\" class=\"wp-image-10884\" width=\"380\" height=\"571\" srcset=\"https:\/\/countermelodypodcast.com\/wp-content\/uploads\/2022\/10\/pavarotti-duca.jpg 333w, https:\/\/countermelodypodcast.com\/wp-content\/uploads\/2022\/10\/pavarotti-duca-200x300.jpg 200w\" sizes=\"auto, (max-width: 380px) 100vw, 380px\" \/><\/figure>\n<\/div>\n\n\n<p>Francesco Maria Piave [after Victor Hugo]: La donna \u00e8 mobile (<em>Rigoletto<\/em>). Luciano Pavarotti, Antonio Tonini [live Moscow 1964]<\/p>\n\n\n\n<div style=\"height:100px\" aria-hidden=\"true\" class=\"wp-block-spacer\"><\/div>\n\n\n<div class=\"wp-block-image\">\n<figure class=\"aligncenter size-large\"><img loading=\"lazy\" decoding=\"async\" width=\"941\" height=\"1024\" src=\"https:\/\/countermelodypodcast.com\/wp-content\/uploads\/2022\/10\/Zeani-goddess-941x1024.jpg\" alt=\"\" class=\"wp-image-10885\" srcset=\"https:\/\/countermelodypodcast.com\/wp-content\/uploads\/2022\/10\/Zeani-goddess-941x1024.jpg 941w, https:\/\/countermelodypodcast.com\/wp-content\/uploads\/2022\/10\/Zeani-goddess-276x300.jpg 276w, https:\/\/countermelodypodcast.com\/wp-content\/uploads\/2022\/10\/Zeani-goddess-768x836.jpg 768w, https:\/\/countermelodypodcast.com\/wp-content\/uploads\/2022\/10\/Zeani-goddess.jpg 1374w\" sizes=\"auto, (max-width: 941px) 100vw, 941px\" \/><\/figure>\n<\/div>\n\n\n<p>Francesco Maria Piave [after Alexandre Dumas]: Brindisi (<em>La traviata<\/em>). Virginia Zeani, Ion Buzea, Jean Bobescu, Romanian State Opera in Bucharest Orchestra and Chorus [1968]<\/p>\n","protected":false},"excerpt":{"rendered":"<p>Episode 165. Giuseppe Verdi: A Birthday Tribute from Fellow Librans SOCIAL SHARE SUBSCRIPTION PLATFORM The great Giuseppe Verdi was born&hellip;<\/p>\n","protected":false},"author":1,"featured_media":10862,"comment_status":"open","ping_status":"open","sticky":false,"template":"","format":"standard","meta":{"advgb_blocks_editor_width":"","advgb_blocks_columns_visual_guide":"","footnotes":""},"categories":[420,1626,1075,3207,1701,2398,2399,1074,1072,1263,2260,808,4510,3272],"tags":[4551,437,4545,4157,4267,2791,2222,4547,4529,4534,4537,77,4528,3555,4531,395,4550,2151,3150,2090,1614,4543,4541,333,2247,4546,4548,416,4535,46,687,4532,3222,4291,3377,4527,1237,207,4530,1497,2411,3192,4538,1160,3195,387,353,4540,4549,4544,363,1021,1110,1066,1067,436,354,1947,435,4539,1063,4526,325,703,2243,4542,4536,1682,332,3008,3735,459,4533,2600],"class_list":["post-10528","post","type-post","status-publish","format-standard","has-post-thumbnail","hentry","category-african-american-opera-singers","category-african-american-singers","category-art-song","category-behind-the-iron-curtain","category-bel-canto","category-giuseppe-verdi","category-great-baritones","category-happy-birthday","category-in-memoriam","category-mezzo-madness","category-music-for-a-world-in-crisis","category-needle-drop","category-nyco-divas","category-singers-of-color","tag-achille-de-lauzieres","tag-aida","tag-alan-titus","tag-alberto-erede","tag-alexandre-dumas","tag-alfredo-simonetto","tag-alzira","tag-andrea-maffei","tag-antonino-tonini","tag-antonio-ghislanzoni","tag-antonio-sommo","tag-arrigo-boito","tag-attila","tag-bruno-reibold","tag-bryan-balkwill","tag-camilla-williams","tag-camille-du-locle","tag-carlo-felice-cillario","tag-christoph-von-dohnanyi","tag-claramae-turner","tag-colin-davis","tag-delia-rigal","tag-dmitri-hvorostovsky","tag-don-carlo","tag-edda-moser","tag-elizabeth-connell","tag-eugene-scribe","tag-falstaff","tag-francesco-maria-piave","tag-francisco-araiza","tag-francisco-casanova","tag-frantisek-jilek","tag-friedrich-schiller","tag-galina-vishnevskaya","tag-georg-singer","tag-giovanna-darco","tag-giulietta-simionato","tag-giuseppe-verdi","tag-guido-cantelli","tag-hana-janku","tag-igor-gorin","tag-ion-buzea","tag-irene-dalis","tag-irmgard-seefried","tag-jean-bobescu","tag-john-alexander","tag-jon-vickers","tag-josef-dunnwald","tag-joseph-mery","tag-juan-emilio-martini","tag-julius-rudel","tag-karl-bohm","tag-la-forza-del-destino","tag-la-traviata","tag-lamberto-gardelli","tag-laszlo-halasz","tag-luciano-pavarotti","tag-nabucco","tag-new-york-city-opera","tag-nino-verchi","tag-otello","tag-requiem-verdi","tag-rigoletto","tag-rolando-panerai","tag-sena-jurinac","tag-speranza-scappucci","tag-temistocle-solera","tag-tito-gobbi","tag-un-ballo-in-maschera","tag-vasile-moldoveanu","tag-victor-hugo","tag-virginia-zeani","tag-voltaire","tag-william-shakespeare"],"author_meta":{"display_name":"admin","author_link":"https:\/\/countermelodypodcast.com\/index.php\/author\/admin\/"},"featured_img":"https:\/\/countermelodypodcast.com\/wp-content\/uploads\/2022\/10\/Verdi-trimmed-for-banner-300x177.jpg","coauthors":[],"tax_additional":{"categories":{"linked":["<a href=\"https:\/\/countermelodypodcast.com\/index.php\/category\/african-american-opera-singers\/\" class=\"advgb-post-tax-term\">African American Opera Singers<\/a>","<a href=\"https:\/\/countermelodypodcast.com\/index.php\/category\/african-american-singers\/\" class=\"advgb-post-tax-term\">African American Singers<\/a>","<a href=\"https:\/\/countermelodypodcast.com\/index.php\/category\/art-song\/\" class=\"advgb-post-tax-term\">Art Song<\/a>","<a href=\"https:\/\/countermelodypodcast.com\/index.php\/category\/behind-the-iron-curtain\/\" class=\"advgb-post-tax-term\">Behind the Iron Curtain<\/a>","<a href=\"https:\/\/countermelodypodcast.com\/index.php\/category\/bel-canto\/\" class=\"advgb-post-tax-term\">Bel Canto<\/a>","<a href=\"https:\/\/countermelodypodcast.com\/index.php\/category\/giuseppe-verdi\/\" class=\"advgb-post-tax-term\">Giuseppe Verdi<\/a>","<a href=\"https:\/\/countermelodypodcast.com\/index.php\/category\/great-baritones\/\" class=\"advgb-post-tax-term\">Great Baritones<\/a>","<a href=\"https:\/\/countermelodypodcast.com\/index.php\/category\/happy-birthday\/\" class=\"advgb-post-tax-term\">Happy Birthday<\/a>","<a href=\"https:\/\/countermelodypodcast.com\/index.php\/category\/in-memoriam\/\" class=\"advgb-post-tax-term\">In Memoriam<\/a>","<a href=\"https:\/\/countermelodypodcast.com\/index.php\/category\/mezzo-madness\/\" class=\"advgb-post-tax-term\">Mezzo Madness<\/a>","<a href=\"https:\/\/countermelodypodcast.com\/index.php\/category\/music-for-a-world-in-crisis\/\" class=\"advgb-post-tax-term\">Music for a World in Crisis<\/a>","<a href=\"https:\/\/countermelodypodcast.com\/index.php\/category\/needle-drop\/\" class=\"advgb-post-tax-term\">Needle Drop<\/a>","<a href=\"https:\/\/countermelodypodcast.com\/index.php\/category\/nyco-divas\/\" class=\"advgb-post-tax-term\">NYCO Divas<\/a>","<a href=\"https:\/\/countermelodypodcast.com\/index.php\/category\/singers-of-color\/\" class=\"advgb-post-tax-term\">Singers of Color<\/a>"],"unlinked":["<span class=\"advgb-post-tax-term\">African American Opera Singers<\/span>","<span class=\"advgb-post-tax-term\">African American Singers<\/span>","<span class=\"advgb-post-tax-term\">Art Song<\/span>","<span class=\"advgb-post-tax-term\">Behind the Iron Curtain<\/span>","<span class=\"advgb-post-tax-term\">Bel Canto<\/span>","<span class=\"advgb-post-tax-term\">Giuseppe Verdi<\/span>","<span class=\"advgb-post-tax-term\">Great Baritones<\/span>","<span class=\"advgb-post-tax-term\">Happy Birthday<\/span>","<span class=\"advgb-post-tax-term\">In Memoriam<\/span>","<span class=\"advgb-post-tax-term\">Mezzo Madness<\/span>","<span class=\"advgb-post-tax-term\">Music for a World in Crisis<\/span>","<span class=\"advgb-post-tax-term\">Needle Drop<\/span>","<span class=\"advgb-post-tax-term\">NYCO Divas<\/span>","<span class=\"advgb-post-tax-term\">Singers of Color<\/span>"]},"tags":{"linked":["<a href=\"https:\/\/countermelodypodcast.com\/index.php\/category\/singers-of-color\/\" class=\"advgb-post-tax-term\">Achille de Lauzi\u00e8res<\/a>","<a href=\"https:\/\/countermelodypodcast.com\/index.php\/category\/singers-of-color\/\" class=\"advgb-post-tax-term\">Aida<\/a>","<a href=\"https:\/\/countermelodypodcast.com\/index.php\/category\/singers-of-color\/\" class=\"advgb-post-tax-term\">Alan Titus<\/a>","<a href=\"https:\/\/countermelodypodcast.com\/index.php\/category\/singers-of-color\/\" class=\"advgb-post-tax-term\">Alberto Erede<\/a>","<a href=\"https:\/\/countermelodypodcast.com\/index.php\/category\/singers-of-color\/\" class=\"advgb-post-tax-term\">Alexandre Dumas<\/a>","<a href=\"https:\/\/countermelodypodcast.com\/index.php\/category\/singers-of-color\/\" class=\"advgb-post-tax-term\">Alfredo Simonetto<\/a>","<a href=\"https:\/\/countermelodypodcast.com\/index.php\/category\/singers-of-color\/\" class=\"advgb-post-tax-term\">Alzira<\/a>","<a href=\"https:\/\/countermelodypodcast.com\/index.php\/category\/singers-of-color\/\" class=\"advgb-post-tax-term\">Andrea Maffei<\/a>","<a href=\"https:\/\/countermelodypodcast.com\/index.php\/category\/singers-of-color\/\" class=\"advgb-post-tax-term\">Antonino Tonini<\/a>","<a href=\"https:\/\/countermelodypodcast.com\/index.php\/category\/singers-of-color\/\" class=\"advgb-post-tax-term\">Antonio Ghislanzoni<\/a>","<a href=\"https:\/\/countermelodypodcast.com\/index.php\/category\/singers-of-color\/\" class=\"advgb-post-tax-term\">Antonio Sommo<\/a>","<a href=\"https:\/\/countermelodypodcast.com\/index.php\/category\/singers-of-color\/\" class=\"advgb-post-tax-term\">Arrigo Boito<\/a>","<a href=\"https:\/\/countermelodypodcast.com\/index.php\/category\/singers-of-color\/\" class=\"advgb-post-tax-term\">Attila<\/a>","<a href=\"https:\/\/countermelodypodcast.com\/index.php\/category\/singers-of-color\/\" class=\"advgb-post-tax-term\">Bruno Reibold<\/a>","<a href=\"https:\/\/countermelodypodcast.com\/index.php\/category\/singers-of-color\/\" class=\"advgb-post-tax-term\">Bryan Balkwill<\/a>","<a href=\"https:\/\/countermelodypodcast.com\/index.php\/category\/singers-of-color\/\" class=\"advgb-post-tax-term\">Camilla Williams<\/a>","<a href=\"https:\/\/countermelodypodcast.com\/index.php\/category\/singers-of-color\/\" class=\"advgb-post-tax-term\">Camille du Locle<\/a>","<a href=\"https:\/\/countermelodypodcast.com\/index.php\/category\/singers-of-color\/\" class=\"advgb-post-tax-term\">Carlo Felice Cillario<\/a>","<a href=\"https:\/\/countermelodypodcast.com\/index.php\/category\/singers-of-color\/\" class=\"advgb-post-tax-term\">Christoph von Dohn\u00e1nyi<\/a>","<a href=\"https:\/\/countermelodypodcast.com\/index.php\/category\/singers-of-color\/\" class=\"advgb-post-tax-term\">Claramae Turner<\/a>","<a href=\"https:\/\/countermelodypodcast.com\/index.php\/category\/singers-of-color\/\" class=\"advgb-post-tax-term\">Colin Davis<\/a>","<a href=\"https:\/\/countermelodypodcast.com\/index.php\/category\/singers-of-color\/\" class=\"advgb-post-tax-term\">Delia Rigal<\/a>","<a href=\"https:\/\/countermelodypodcast.com\/index.php\/category\/singers-of-color\/\" class=\"advgb-post-tax-term\">Dmitri Hvorostovsky<\/a>","<a href=\"https:\/\/countermelodypodcast.com\/index.php\/category\/singers-of-color\/\" class=\"advgb-post-tax-term\">Don Carlo<\/a>","<a href=\"https:\/\/countermelodypodcast.com\/index.php\/category\/singers-of-color\/\" class=\"advgb-post-tax-term\">Edda Moser<\/a>","<a href=\"https:\/\/countermelodypodcast.com\/index.php\/category\/singers-of-color\/\" class=\"advgb-post-tax-term\">Elizabeth Connell<\/a>","<a href=\"https:\/\/countermelodypodcast.com\/index.php\/category\/singers-of-color\/\" class=\"advgb-post-tax-term\">Eug\u00e8ne Scribe<\/a>","<a href=\"https:\/\/countermelodypodcast.com\/index.php\/category\/singers-of-color\/\" class=\"advgb-post-tax-term\">Falstaff<\/a>","<a href=\"https:\/\/countermelodypodcast.com\/index.php\/category\/singers-of-color\/\" class=\"advgb-post-tax-term\">Francesco Maria Piave<\/a>","<a href=\"https:\/\/countermelodypodcast.com\/index.php\/category\/singers-of-color\/\" class=\"advgb-post-tax-term\">Francisco Araiza<\/a>","<a href=\"https:\/\/countermelodypodcast.com\/index.php\/category\/singers-of-color\/\" class=\"advgb-post-tax-term\">Francisco Casanova<\/a>","<a href=\"https:\/\/countermelodypodcast.com\/index.php\/category\/singers-of-color\/\" class=\"advgb-post-tax-term\">Franti\u0161ek J\u00edlek<\/a>","<a href=\"https:\/\/countermelodypodcast.com\/index.php\/category\/singers-of-color\/\" class=\"advgb-post-tax-term\">Friedrich Schiller<\/a>","<a href=\"https:\/\/countermelodypodcast.com\/index.php\/category\/singers-of-color\/\" class=\"advgb-post-tax-term\">Galina Vishnevskaya<\/a>","<a href=\"https:\/\/countermelodypodcast.com\/index.php\/category\/singers-of-color\/\" class=\"advgb-post-tax-term\">Georg Singer<\/a>","<a href=\"https:\/\/countermelodypodcast.com\/index.php\/category\/singers-of-color\/\" class=\"advgb-post-tax-term\">Giovanna d\u2019Arco<\/a>","<a href=\"https:\/\/countermelodypodcast.com\/index.php\/category\/singers-of-color\/\" class=\"advgb-post-tax-term\">Giulietta Simionato<\/a>","<a href=\"https:\/\/countermelodypodcast.com\/index.php\/category\/singers-of-color\/\" class=\"advgb-post-tax-term\">Giuseppe Verdi<\/a>","<a href=\"https:\/\/countermelodypodcast.com\/index.php\/category\/singers-of-color\/\" class=\"advgb-post-tax-term\">Guido Cantelli<\/a>","<a href=\"https:\/\/countermelodypodcast.com\/index.php\/category\/singers-of-color\/\" class=\"advgb-post-tax-term\">Hana Jank\u016f<\/a>","<a href=\"https:\/\/countermelodypodcast.com\/index.php\/category\/singers-of-color\/\" class=\"advgb-post-tax-term\">Igor Gorin<\/a>","<a href=\"https:\/\/countermelodypodcast.com\/index.php\/category\/singers-of-color\/\" class=\"advgb-post-tax-term\">Ion Buzea<\/a>","<a href=\"https:\/\/countermelodypodcast.com\/index.php\/category\/singers-of-color\/\" class=\"advgb-post-tax-term\">Irene Dalis<\/a>","<a href=\"https:\/\/countermelodypodcast.com\/index.php\/category\/singers-of-color\/\" class=\"advgb-post-tax-term\">Irmgard Seefried<\/a>","<a href=\"https:\/\/countermelodypodcast.com\/index.php\/category\/singers-of-color\/\" class=\"advgb-post-tax-term\">Jean Bobescu<\/a>","<a href=\"https:\/\/countermelodypodcast.com\/index.php\/category\/singers-of-color\/\" class=\"advgb-post-tax-term\">John Alexander<\/a>","<a href=\"https:\/\/countermelodypodcast.com\/index.php\/category\/singers-of-color\/\" class=\"advgb-post-tax-term\">Jon Vickers<\/a>","<a href=\"https:\/\/countermelodypodcast.com\/index.php\/category\/singers-of-color\/\" class=\"advgb-post-tax-term\">Josef D\u00fcnnwald<\/a>","<a href=\"https:\/\/countermelodypodcast.com\/index.php\/category\/singers-of-color\/\" class=\"advgb-post-tax-term\">Joseph M\u00e9ry<\/a>","<a href=\"https:\/\/countermelodypodcast.com\/index.php\/category\/singers-of-color\/\" class=\"advgb-post-tax-term\">Juan Emilio Martini<\/a>","<a href=\"https:\/\/countermelodypodcast.com\/index.php\/category\/singers-of-color\/\" class=\"advgb-post-tax-term\">Julius Rudel<\/a>","<a href=\"https:\/\/countermelodypodcast.com\/index.php\/category\/singers-of-color\/\" class=\"advgb-post-tax-term\">Karl B\u00f6hm<\/a>","<a href=\"https:\/\/countermelodypodcast.com\/index.php\/category\/singers-of-color\/\" class=\"advgb-post-tax-term\">La forza del destino<\/a>","<a href=\"https:\/\/countermelodypodcast.com\/index.php\/category\/singers-of-color\/\" class=\"advgb-post-tax-term\">La Traviata<\/a>","<a href=\"https:\/\/countermelodypodcast.com\/index.php\/category\/singers-of-color\/\" class=\"advgb-post-tax-term\">Lamberto Gardelli<\/a>","<a href=\"https:\/\/countermelodypodcast.com\/index.php\/category\/singers-of-color\/\" class=\"advgb-post-tax-term\">Laszlo Halasz<\/a>","<a href=\"https:\/\/countermelodypodcast.com\/index.php\/category\/singers-of-color\/\" class=\"advgb-post-tax-term\">Luciano Pavarotti<\/a>","<a href=\"https:\/\/countermelodypodcast.com\/index.php\/category\/singers-of-color\/\" class=\"advgb-post-tax-term\">Nabucco<\/a>","<a href=\"https:\/\/countermelodypodcast.com\/index.php\/category\/singers-of-color\/\" class=\"advgb-post-tax-term\">New York City Opera<\/a>","<a href=\"https:\/\/countermelodypodcast.com\/index.php\/category\/singers-of-color\/\" class=\"advgb-post-tax-term\">Nino Verchi<\/a>","<a href=\"https:\/\/countermelodypodcast.com\/index.php\/category\/singers-of-color\/\" class=\"advgb-post-tax-term\">Otello<\/a>","<a href=\"https:\/\/countermelodypodcast.com\/index.php\/category\/singers-of-color\/\" class=\"advgb-post-tax-term\">Requiem (Verdi)<\/a>","<a href=\"https:\/\/countermelodypodcast.com\/index.php\/category\/singers-of-color\/\" class=\"advgb-post-tax-term\">Rigoletto<\/a>","<a href=\"https:\/\/countermelodypodcast.com\/index.php\/category\/singers-of-color\/\" class=\"advgb-post-tax-term\">Rolando Panerai<\/a>","<a href=\"https:\/\/countermelodypodcast.com\/index.php\/category\/singers-of-color\/\" class=\"advgb-post-tax-term\">Sena Jurinac<\/a>","<a href=\"https:\/\/countermelodypodcast.com\/index.php\/category\/singers-of-color\/\" class=\"advgb-post-tax-term\">Speranza Scappucci<\/a>","<a href=\"https:\/\/countermelodypodcast.com\/index.php\/category\/singers-of-color\/\" class=\"advgb-post-tax-term\">Temistocle Solera<\/a>","<a href=\"https:\/\/countermelodypodcast.com\/index.php\/category\/singers-of-color\/\" class=\"advgb-post-tax-term\">Tito Gobbi<\/a>","<a href=\"https:\/\/countermelodypodcast.com\/index.php\/category\/singers-of-color\/\" class=\"advgb-post-tax-term\">Un ballo in maschera<\/a>","<a href=\"https:\/\/countermelodypodcast.com\/index.php\/category\/singers-of-color\/\" class=\"advgb-post-tax-term\">Vasile Moldoveanu<\/a>","<a href=\"https:\/\/countermelodypodcast.com\/index.php\/category\/singers-of-color\/\" class=\"advgb-post-tax-term\">Victor Hugo<\/a>","<a href=\"https:\/\/countermelodypodcast.com\/index.php\/category\/singers-of-color\/\" class=\"advgb-post-tax-term\">Virginia Zeani<\/a>","<a href=\"https:\/\/countermelodypodcast.com\/index.php\/category\/singers-of-color\/\" class=\"advgb-post-tax-term\">Voltaire<\/a>","<a href=\"https:\/\/countermelodypodcast.com\/index.php\/category\/singers-of-color\/\" class=\"advgb-post-tax-term\">William Shakespeare<\/a>"],"unlinked":["<span class=\"advgb-post-tax-term\">Achille de Lauzi\u00e8res<\/span>","<span class=\"advgb-post-tax-term\">Aida<\/span>","<span class=\"advgb-post-tax-term\">Alan Titus<\/span>","<span class=\"advgb-post-tax-term\">Alberto Erede<\/span>","<span class=\"advgb-post-tax-term\">Alexandre Dumas<\/span>","<span class=\"advgb-post-tax-term\">Alfredo Simonetto<\/span>","<span class=\"advgb-post-tax-term\">Alzira<\/span>","<span class=\"advgb-post-tax-term\">Andrea Maffei<\/span>","<span class=\"advgb-post-tax-term\">Antonino Tonini<\/span>","<span class=\"advgb-post-tax-term\">Antonio Ghislanzoni<\/span>","<span class=\"advgb-post-tax-term\">Antonio Sommo<\/span>","<span class=\"advgb-post-tax-term\">Arrigo Boito<\/span>","<span class=\"advgb-post-tax-term\">Attila<\/span>","<span class=\"advgb-post-tax-term\">Bruno Reibold<\/span>","<span class=\"advgb-post-tax-term\">Bryan Balkwill<\/span>","<span class=\"advgb-post-tax-term\">Camilla Williams<\/span>","<span class=\"advgb-post-tax-term\">Camille du Locle<\/span>","<span class=\"advgb-post-tax-term\">Carlo Felice Cillario<\/span>","<span class=\"advgb-post-tax-term\">Christoph von Dohn\u00e1nyi<\/span>","<span class=\"advgb-post-tax-term\">Claramae Turner<\/span>","<span class=\"advgb-post-tax-term\">Colin Davis<\/span>","<span class=\"advgb-post-tax-term\">Delia Rigal<\/span>","<span class=\"advgb-post-tax-term\">Dmitri Hvorostovsky<\/span>","<span class=\"advgb-post-tax-term\">Don Carlo<\/span>","<span class=\"advgb-post-tax-term\">Edda Moser<\/span>","<span class=\"advgb-post-tax-term\">Elizabeth Connell<\/span>","<span class=\"advgb-post-tax-term\">Eug\u00e8ne Scribe<\/span>","<span class=\"advgb-post-tax-term\">Falstaff<\/span>","<span class=\"advgb-post-tax-term\">Francesco Maria Piave<\/span>","<span class=\"advgb-post-tax-term\">Francisco Araiza<\/span>","<span class=\"advgb-post-tax-term\">Francisco Casanova<\/span>","<span class=\"advgb-post-tax-term\">Franti\u0161ek J\u00edlek<\/span>","<span class=\"advgb-post-tax-term\">Friedrich Schiller<\/span>","<span class=\"advgb-post-tax-term\">Galina Vishnevskaya<\/span>","<span class=\"advgb-post-tax-term\">Georg Singer<\/span>","<span class=\"advgb-post-tax-term\">Giovanna d\u2019Arco<\/span>","<span class=\"advgb-post-tax-term\">Giulietta Simionato<\/span>","<span class=\"advgb-post-tax-term\">Giuseppe Verdi<\/span>","<span class=\"advgb-post-tax-term\">Guido Cantelli<\/span>","<span class=\"advgb-post-tax-term\">Hana Jank\u016f<\/span>","<span class=\"advgb-post-tax-term\">Igor Gorin<\/span>","<span class=\"advgb-post-tax-term\">Ion Buzea<\/span>","<span class=\"advgb-post-tax-term\">Irene Dalis<\/span>","<span class=\"advgb-post-tax-term\">Irmgard Seefried<\/span>","<span class=\"advgb-post-tax-term\">Jean Bobescu<\/span>","<span class=\"advgb-post-tax-term\">John Alexander<\/span>","<span class=\"advgb-post-tax-term\">Jon Vickers<\/span>","<span class=\"advgb-post-tax-term\">Josef D\u00fcnnwald<\/span>","<span class=\"advgb-post-tax-term\">Joseph M\u00e9ry<\/span>","<span class=\"advgb-post-tax-term\">Juan Emilio Martini<\/span>","<span class=\"advgb-post-tax-term\">Julius Rudel<\/span>","<span class=\"advgb-post-tax-term\">Karl B\u00f6hm<\/span>","<span class=\"advgb-post-tax-term\">La forza del destino<\/span>","<span class=\"advgb-post-tax-term\">La Traviata<\/span>","<span class=\"advgb-post-tax-term\">Lamberto Gardelli<\/span>","<span class=\"advgb-post-tax-term\">Laszlo Halasz<\/span>","<span class=\"advgb-post-tax-term\">Luciano Pavarotti<\/span>","<span class=\"advgb-post-tax-term\">Nabucco<\/span>","<span class=\"advgb-post-tax-term\">New York City Opera<\/span>","<span class=\"advgb-post-tax-term\">Nino Verchi<\/span>","<span class=\"advgb-post-tax-term\">Otello<\/span>","<span class=\"advgb-post-tax-term\">Requiem (Verdi)<\/span>","<span class=\"advgb-post-tax-term\">Rigoletto<\/span>","<span class=\"advgb-post-tax-term\">Rolando Panerai<\/span>","<span class=\"advgb-post-tax-term\">Sena Jurinac<\/span>","<span class=\"advgb-post-tax-term\">Speranza Scappucci<\/span>","<span class=\"advgb-post-tax-term\">Temistocle Solera<\/span>","<span class=\"advgb-post-tax-term\">Tito Gobbi<\/span>","<span class=\"advgb-post-tax-term\">Un ballo in maschera<\/span>","<span class=\"advgb-post-tax-term\">Vasile Moldoveanu<\/span>","<span class=\"advgb-post-tax-term\">Victor Hugo<\/span>","<span class=\"advgb-post-tax-term\">Virginia Zeani<\/span>","<span class=\"advgb-post-tax-term\">Voltaire<\/span>","<span class=\"advgb-post-tax-term\">William Shakespeare<\/span>"]}},"comment_count":"2","relative_dates":{"created":"Posted 4 years ago","modified":"Updated 4 years ago"},"absolute_dates":{"created":"Posted on 07\/10\/2022","modified":"Updated on 07\/10\/2022"},"absolute_dates_time":{"created":"Posted on 07\/10\/2022 22:39","modified":"Updated on 07\/10\/2022 23:47"},"featured_img_caption":"","series_order":"","_links":{"self":[{"href":"https:\/\/countermelodypodcast.com\/index.php\/wp-json\/wp\/v2\/posts\/10528","targetHints":{"allow":["GET"]}}],"collection":[{"href":"https:\/\/countermelodypodcast.com\/index.php\/wp-json\/wp\/v2\/posts"}],"about":[{"href":"https:\/\/countermelodypodcast.com\/index.php\/wp-json\/wp\/v2\/types\/post"}],"author":[{"embeddable":true,"href":"https:\/\/countermelodypodcast.com\/index.php\/wp-json\/wp\/v2\/users\/1"}],"replies":[{"embeddable":true,"href":"https:\/\/countermelodypodcast.com\/index.php\/wp-json\/wp\/v2\/comments?post=10528"}],"version-history":[{"count":3,"href":"https:\/\/countermelodypodcast.com\/index.php\/wp-json\/wp\/v2\/posts\/10528\/revisions"}],"predecessor-version":[{"id":10886,"href":"https:\/\/countermelodypodcast.com\/index.php\/wp-json\/wp\/v2\/posts\/10528\/revisions\/10886"}],"wp:featuredmedia":[{"embeddable":true,"href":"https:\/\/countermelodypodcast.com\/index.php\/wp-json\/wp\/v2\/media\/10862"}],"wp:attachment":[{"href":"https:\/\/countermelodypodcast.com\/index.php\/wp-json\/wp\/v2\/media?parent=10528"}],"wp:term":[{"taxonomy":"category","embeddable":true,"href":"https:\/\/countermelodypodcast.com\/index.php\/wp-json\/wp\/v2\/categories?post=10528"},{"taxonomy":"post_tag","embeddable":true,"href":"https:\/\/countermelodypodcast.com\/index.php\/wp-json\/wp\/v2\/tags?post=10528"}],"curies":[{"name":"wp","href":"https:\/\/api.w.org\/{rel}","templated":true}]}}